{"id":1014,"date":"2016-01-28T18:17:36","date_gmt":"2016-01-28T17:17:36","guid":{"rendered":"https:\/\/sainte-radegondehautegoulaine.fr\/?p=1014"},"modified":"2016-01-28T18:17:36","modified_gmt":"2016-01-28T17:17:36","slug":"la-fete-des-couronnes","status":"publish","type":"post","link":"https:\/\/sainte-radegondehautegoulaine.fr\/?p=1014","title":{"rendered":"La f\u00eate des couronnes"},"content":{"rendered":"<p>Ce jeudi matin, 10h15, nous voil\u00e0 tous beaux et belles pour faire la ronde avec les petits et les grands.<\/p>\n<p>Notre belle couronne sur la t\u00eate, nous sommes pr\u00eats \u00e0 y aller !<\/p>\n<p><a href=\"https:\/\/sainte-radegondehautegoulaine.fr\/wp-content\/uploads\/2016\/01\/2016-01-28-10.13.36.jpg\" rel=\"attachment wp-att-1015\"><img loading=\"lazy\" decoding=\"async\" class=\"alignnone size-medium wp-image-1015\" src=\"https:\/\/sainte-radegondehautegoulaine.fr\/wp-content\/uploads\/2016\/01\/2016-01-28-10.13.36-300x225.jpg\" alt=\"\" width=\"300\" height=\"225\" srcset=\"https:\/\/sainte-radegondehautegoulaine.fr\/wp-content\/uploads\/2016\/01\/2016-01-28-10.13.36-300x225.jpg 300w, https:\/\/sainte-radegondehautegoulaine.fr\/wp-content\/uploads\/2016\/01\/2016-01-28-10.13.36-768x576.jpg 768w, https:\/\/sainte-radegondehautegoulaine.fr\/wp-content\/uploads\/2016\/01\/2016-01-28-10.13.36-1024x768.jpg 1024w, https:\/\/sainte-radegondehautegoulaine.fr\/wp-content\/uploads\/2016\/01\/2016-01-28-10.13.36-960x720.jpg 960w, https:\/\/sainte-radegondehautegoulaine.fr\/wp-content\/uploads\/2016\/01\/2016-01-28-10.13.36-480x360.jpg 480w, https:\/\/sainte-radegondehautegoulaine.fr\/wp-content\/uploads\/2016\/01\/2016-01-28-10.13.36-320x240.jpg 320w, https:\/\/sainte-radegondehautegoulaine.fr\/wp-content\/uploads\/2016\/01\/2016-01-28-10.13.36-240x180.jpg 240w\" sizes=\"(max-width: 300px) 100vw, 300px\" \/><\/a><\/p>\n<p>M\u00eame Calinours est pr\u00eat \u00e0 faire la f\u00eate et il est beau lui aussi !<\/p>\n<p><a href=\"https:\/\/sainte-radegondehautegoulaine.fr\/wp-content\/uploads\/2016\/01\/2016-01-28-10.18.01.jpg\" rel=\"attachment wp-att-1016\"><img loading=\"lazy\" decoding=\"async\" class=\"size-medium wp-image-1016\" src=\"https:\/\/sainte-radegondehautegoulaine.fr\/wp-content\/uploads\/2016\/01\/2016-01-28-10.18.01-225x300.jpg\" alt=\"SAMSUNG\" width=\"225\" height=\"300\" srcset=\"https:\/\/sainte-radegondehautegoulaine.fr\/wp-content\/uploads\/2016\/01\/2016-01-28-10.18.01-225x300.jpg 225w, https:\/\/sainte-radegondehautegoulaine.fr\/wp-content\/uploads\/2016\/01\/2016-01-28-10.18.01-768x1024.jpg 768w, https:\/\/sainte-radegondehautegoulaine.fr\/wp-content\/uploads\/2016\/01\/2016-01-28-10.18.01.jpg 1920w\" sizes=\"(max-width: 225px) 100vw, 225px\" \/><\/a><\/p>\n<p>Tous ensemble, nous avons fait deux rondes en chantant la chanson &#8220;Partageons la galette&#8221;<a href=\"https:\/\/sainte-radegondehautegoulaine.fr\/wp-content\/uploads\/2016\/01\/2016-01-28-10.26.12.jpg\" rel=\"attachment wp-att-1018\"><img loading=\"lazy\" decoding=\"async\" class=\"alignnone size-medium wp-image-1018\" src=\"https:\/\/sainte-radegondehautegoulaine.fr\/wp-content\/uploads\/2016\/01\/2016-01-28-10.26.12-300x225.jpg\" alt=\"\" width=\"300\" height=\"225\" srcset=\"https:\/\/sainte-radegondehautegoulaine.fr\/wp-content\/uploads\/2016\/01\/2016-01-28-10.26.12-300x225.jpg 300w, https:\/\/sainte-radegondehautegoulaine.fr\/wp-content\/uploads\/2016\/01\/2016-01-28-10.26.12-768x576.jpg 768w, https:\/\/sainte-radegondehautegoulaine.fr\/wp-content\/uploads\/2016\/01\/2016-01-28-10.26.12-1024x768.jpg 1024w, https:\/\/sainte-radegondehautegoulaine.fr\/wp-content\/uploads\/2016\/01\/2016-01-28-10.26.12-960x720.jpg 960w, https:\/\/sainte-radegondehautegoulaine.fr\/wp-content\/uploads\/2016\/01\/2016-01-28-10.26.12-480x360.jpg 480w, https:\/\/sainte-radegondehautegoulaine.fr\/wp-content\/uploads\/2016\/01\/2016-01-28-10.26.12-320x240.jpg 320w, https:\/\/sainte-radegondehautegoulaine.fr\/wp-content\/uploads\/2016\/01\/2016-01-28-10.26.12-240x180.jpg 240w\" sizes=\"(max-width: 300px) 100vw, 300px\" \/><\/a><\/p>\n<p><a href=\"https:\/\/sainte-radegondehautegoulaine.fr\/wp-content\/uploads\/2016\/01\/2016-01-28-10.26.37.jpg\" rel=\"attachment wp-att-1019\"><img loading=\"lazy\" decoding=\"async\" class=\"size-medium wp-image-1019\" src=\"https:\/\/sainte-radegondehautegoulaine.fr\/wp-content\/uploads\/2016\/01\/2016-01-28-10.26.37-300x225.jpg\" alt=\"SAMSUNG\" width=\"300\" height=\"225\" srcset=\"https:\/\/sainte-radegondehautegoulaine.fr\/wp-content\/uploads\/2016\/01\/2016-01-28-10.26.37-300x225.jpg 300w, https:\/\/sainte-radegondehautegoulaine.fr\/wp-content\/uploads\/2016\/01\/2016-01-28-10.26.37-768x576.jpg 768w, https:\/\/sainte-radegondehautegoulaine.fr\/wp-content\/uploads\/2016\/01\/2016-01-28-10.26.37-1024x768.jpg 1024w, https:\/\/sainte-radegondehautegoulaine.fr\/wp-content\/uploads\/2016\/01\/2016-01-28-10.26.37-960x720.jpg 960w, https:\/\/sainte-radegondehautegoulaine.fr\/wp-content\/uploads\/2016\/01\/2016-01-28-10.26.37-480x360.jpg 480w, https:\/\/sainte-radegondehautegoulaine.fr\/wp-content\/uploads\/2016\/01\/2016-01-28-10.26.37-320x240.jpg 320w, https:\/\/sainte-radegondehautegoulaine.fr\/wp-content\/uploads\/2016\/01\/2016-01-28-10.26.37-240x180.jpg 240w\" sizes=\"(max-width: 300px) 100vw, 300px\" \/><\/a><\/p>\n<p>Puis nous avons montr\u00e9 aux petits et aux grands comment on a appris \u00e0 danser la polka.<\/p>\n<p><a href=\"https:\/\/sainte-radegondehautegoulaine.fr\/wp-content\/uploads\/2016\/01\/2016-01-28-10.29.05.jpg\" rel=\"attachment wp-att-1021\"><img loading=\"lazy\" decoding=\"async\" class=\"size-medium wp-image-1021\" src=\"https:\/\/sainte-radegondehautegoulaine.fr\/wp-content\/uploads\/2016\/01\/2016-01-28-10.29.05-300x225.jpg\" alt=\"SAMSUNG\" width=\"300\" height=\"225\" srcset=\"https:\/\/sainte-radegondehautegoulaine.fr\/wp-content\/uploads\/2016\/01\/2016-01-28-10.29.05-300x225.jpg 300w, https:\/\/sainte-radegondehautegoulaine.fr\/wp-content\/uploads\/2016\/01\/2016-01-28-10.29.05-768x576.jpg 768w, https:\/\/sainte-radegondehautegoulaine.fr\/wp-content\/uploads\/2016\/01\/2016-01-28-10.29.05-1024x768.jpg 1024w, https:\/\/sainte-radegondehautegoulaine.fr\/wp-content\/uploads\/2016\/01\/2016-01-28-10.29.05-960x720.jpg 960w, https:\/\/sainte-radegondehautegoulaine.fr\/wp-content\/uploads\/2016\/01\/2016-01-28-10.29.05-480x360.jpg 480w, https:\/\/sainte-radegondehautegoulaine.fr\/wp-content\/uploads\/2016\/01\/2016-01-28-10.29.05-320x240.jpg 320w, https:\/\/sainte-radegondehautegoulaine.fr\/wp-content\/uploads\/2016\/01\/2016-01-28-10.29.05-240x180.jpg 240w\" sizes=\"(max-width: 300px) 100vw, 300px\" \/><\/a><\/p>\n<p><a href=\"https:\/\/sainte-radegondehautegoulaine.fr\/wp-content\/uploads\/2016\/01\/2016-01-28-10.29.11.jpg\" rel=\"attachment wp-att-1022\"><img loading=\"lazy\" decoding=\"async\" class=\"size-medium wp-image-1022\" src=\"https:\/\/sainte-radegondehautegoulaine.fr\/wp-content\/uploads\/2016\/01\/2016-01-28-10.29.11-300x225.jpg\" alt=\"SAMSUNG\" width=\"300\" height=\"225\" srcset=\"https:\/\/sainte-radegondehautegoulaine.fr\/wp-content\/uploads\/2016\/01\/2016-01-28-10.29.11-300x225.jpg 300w, https:\/\/sainte-radegondehautegoulaine.fr\/wp-content\/uploads\/2016\/01\/2016-01-28-10.29.11-768x576.jpg 768w, https:\/\/sainte-radegondehautegoulaine.fr\/wp-content\/uploads\/2016\/01\/2016-01-28-10.29.11-1024x768.jpg 1024w, https:\/\/sainte-radegondehautegoulaine.fr\/wp-content\/uploads\/2016\/01\/2016-01-28-10.29.11-960x720.jpg 960w, https:\/\/sainte-radegondehautegoulaine.fr\/wp-content\/uploads\/2016\/01\/2016-01-28-10.29.11-480x360.jpg 480w, https:\/\/sainte-radegondehautegoulaine.fr\/wp-content\/uploads\/2016\/01\/2016-01-28-10.29.11-320x240.jpg 320w, https:\/\/sainte-radegondehautegoulaine.fr\/wp-content\/uploads\/2016\/01\/2016-01-28-10.29.11-240x180.jpg 240w\" sizes=\"(max-width: 300px) 100vw, 300px\" \/><\/a><\/p>\n","protected":false},"excerpt":{"rendered":"<p>Ce jeudi matin, 10h15, nous voil\u00e0 tous beaux et belles pour faire la ronde avec les petits et les grands. Notre belle couronne sur la t\u00eate, nous sommes pr\u00eats \u00e0 y aller ! M\u00eame Calinours est pr\u00eat \u00e0 faire la f\u00eate et il est beau lui aussi ! Tous ensemble, nous avons fait deux rondes<\/p>\n<p><a href=\"https:\/\/sainte-radegondehautegoulaine.fr\/?p=1014\" class=\"more-link themebutton\">Lire la suite<\/a><\/p>\n","protected":false},"author":2,"featured_media":0,"comment_status":"closed","ping_status":"closed","sticky":false,"template":"","format":"standard","meta":{"ngg_post_thumbnail":0,"footnotes":""},"categories":[1],"tags":[],"_links":{"self":[{"href":"https:\/\/sainte-radegondehautegoulaine.fr\/index.php?rest_route=\/wp\/v2\/posts\/1014"}],"collection":[{"href":"https:\/\/sainte-radegondehautegoulaine.fr\/index.php?rest_route=\/wp\/v2\/posts"}],"about":[{"href":"https:\/\/sainte-radegondehautegoulaine.fr\/index.php?rest_route=\/wp\/v2\/types\/post"}],"author":[{"embeddable":true,"href":"https:\/\/sainte-radegondehautegoulaine.fr\/index.php?rest_route=\/wp\/v2\/users\/2"}],"replies":[{"embeddable":true,"href":"https:\/\/sainte-radegondehautegoulaine.fr\/index.php?rest_route=%2Fwp%2Fv2%2Fcomments&post=1014"}],"version-history":[{"count":1,"href":"https:\/\/sainte-radegondehautegoulaine.fr\/index.php?rest_route=\/wp\/v2\/posts\/1014\/revisions"}],"predecessor-version":[{"id":1024,"href":"https:\/\/sainte-radegondehautegoulaine.fr\/index.php?rest_route=\/wp\/v2\/posts\/1014\/revisions\/1024"}],"wp:attachment":[{"href":"https:\/\/sainte-radegondehautegoulaine.fr\/index.php?rest_route=%2Fwp%2Fv2%2Fmedia&parent=1014"}],"wp:term":[{"taxonomy":"category","embeddable":true,"href":"https:\/\/sainte-radegondehautegoulaine.fr\/index.php?rest_route=%2Fwp%2Fv2%2Fcategories&post=1014"},{"taxonomy":"post_tag","embeddable":true,"href":"https:\/\/sainte-radegondehautegoulaine.fr\/index.php?rest_route=%2Fwp%2Fv2%2Ftags&post=1014"}],"curies":[{"name":"wp","href":"https:\/\/api.w.org\/{rel}","templated":true}]}}