{"id":1259,"date":"2016-04-27T17:09:53","date_gmt":"2016-04-27T16:09:53","guid":{"rendered":"https:\/\/sainte-radegondehautegoulaine.fr\/?p=1259"},"modified":"2016-04-27T17:09:53","modified_gmt":"2016-04-27T16:09:53","slug":"semaine-artistique-pour-le-cycle-3","status":"publish","type":"post","link":"https:\/\/sainte-radegondehautegoulaine.fr\/?p=1259","title":{"rendered":"Semaine artistique  pour le cycle 3"},"content":{"rendered":"<p>Cette semaine, nous\u00a0 d\u00e9couvrons\u00a0 l&#8217;Art \u00e0 travers la poterie, l&#8217;enluminure, la photo, la peinture ou la construction de volumes, en lien avec le th\u00e8me des 4 \u00e9l\u00e9ments.<\/p>\n<p>En poterie, nous avons model\u00e9 un buste avec de l&#8217;argile jaune, rouge, noire et blanche.<\/p>\n<p>En enluminure, nous avons peint la lettrine de notre pr\u00e9nom\u00a0 gr\u00e2ce \u00e0 un code de couleurs. C&#8217;\u00e9tait difficile de ne pas d\u00e9passer!<\/p>\n<p>On s&#8217;est inspir\u00e9s de photos sur l&#8217;eau en cherchant sur internet. En groupe, nous avons \u00e9chang\u00e9 nos id\u00e9es afin de retenir plusieurs prises de vue possibles.<\/p>\n<p>En peinture, nous avons trac\u00e9 des formes g\u00e9om\u00e9triques sur des feuilles que nous avons ensuite assembl\u00e9es afin qu&#8217;elles aient en commun une m\u00eame moiti\u00e9 de figure.<\/p>\n<p>Nous avons fabriqu\u00e9 un moulin \u00e0 vent avec des bouteilles en plastique. Nous l&#8217;avons ensuite peint. Nous pr\u00e9parons maintenant une \u00e9olienne.<\/p>\n<p>&nbsp;<\/p>\n<p><a href=\"https:\/\/sainte-radegondehautegoulaine.fr\/wp-content\/uploads\/2016\/04\/DSC0620-lr.jpg\"><img loading=\"lazy\" decoding=\"async\" class=\"alignnone wp-image-1268\" src=\"https:\/\/sainte-radegondehautegoulaine.fr\/wp-content\/uploads\/2016\/04\/DSC0620-lr-300x222.jpg\" alt=\"_DSC0620-lr\" width=\"270\" height=\"200\" srcset=\"https:\/\/sainte-radegondehautegoulaine.fr\/wp-content\/uploads\/2016\/04\/DSC0620-lr-300x222.jpg 300w, https:\/\/sainte-radegondehautegoulaine.fr\/wp-content\/uploads\/2016\/04\/DSC0620-lr-768x569.jpg 768w, https:\/\/sainte-radegondehautegoulaine.fr\/wp-content\/uploads\/2016\/04\/DSC0620-lr-1024x758.jpg 1024w\" sizes=\"(max-width: 270px) 100vw, 270px\" \/><\/a> <a href=\"https:\/\/sainte-radegondehautegoulaine.fr\/wp-content\/uploads\/2016\/04\/DSC0618-lr.jpg\"><img loading=\"lazy\" decoding=\"async\" class=\"alignnone size-medium wp-image-1267\" src=\"https:\/\/sainte-radegondehautegoulaine.fr\/wp-content\/uploads\/2016\/04\/DSC0618-lr-300x200.jpg\" alt=\"_DSC0618-lr\" width=\"300\" height=\"200\" srcset=\"https:\/\/sainte-radegondehautegoulaine.fr\/wp-content\/uploads\/2016\/04\/DSC0618-lr-300x200.jpg 300w, https:\/\/sainte-radegondehautegoulaine.fr\/wp-content\/uploads\/2016\/04\/DSC0618-lr-768x512.jpg 768w, https:\/\/sainte-radegondehautegoulaine.fr\/wp-content\/uploads\/2016\/04\/DSC0618-lr-1024x683.jpg 1024w, https:\/\/sainte-radegondehautegoulaine.fr\/wp-content\/uploads\/2016\/04\/DSC0618-lr-960x640.jpg 960w, https:\/\/sainte-radegondehautegoulaine.fr\/wp-content\/uploads\/2016\/04\/DSC0618-lr-480x320.jpg 480w, https:\/\/sainte-radegondehautegoulaine.fr\/wp-content\/uploads\/2016\/04\/DSC0618-lr-320x213.jpg 320w, https:\/\/sainte-radegondehautegoulaine.fr\/wp-content\/uploads\/2016\/04\/DSC0618-lr-240x160.jpg 240w\" sizes=\"(max-width: 300px) 100vw, 300px\" \/><\/a> <a href=\"https:\/\/sainte-radegondehautegoulaine.fr\/wp-content\/uploads\/2016\/04\/DSC0617-lr.jpg\"><img loading=\"lazy\" decoding=\"async\" class=\"alignnone size-medium wp-image-1266\" src=\"https:\/\/sainte-radegondehautegoulaine.fr\/wp-content\/uploads\/2016\/04\/DSC0617-lr-300x200.jpg\" alt=\"_DSC0617-lr\" width=\"300\" height=\"200\" srcset=\"https:\/\/sainte-radegondehautegoulaine.fr\/wp-content\/uploads\/2016\/04\/DSC0617-lr-300x200.jpg 300w, https:\/\/sainte-radegondehautegoulaine.fr\/wp-content\/uploads\/2016\/04\/DSC0617-lr-768x512.jpg 768w, https:\/\/sainte-radegondehautegoulaine.fr\/wp-content\/uploads\/2016\/04\/DSC0617-lr-1024x683.jpg 1024w, https:\/\/sainte-radegondehautegoulaine.fr\/wp-content\/uploads\/2016\/04\/DSC0617-lr-960x640.jpg 960w, https:\/\/sainte-radegondehautegoulaine.fr\/wp-content\/uploads\/2016\/04\/DSC0617-lr-480x320.jpg 480w, https:\/\/sainte-radegondehautegoulaine.fr\/wp-content\/uploads\/2016\/04\/DSC0617-lr-320x213.jpg 320w, https:\/\/sainte-radegondehautegoulaine.fr\/wp-content\/uploads\/2016\/04\/DSC0617-lr-240x160.jpg 240w\" sizes=\"(max-width: 300px) 100vw, 300px\" \/><\/a> <a href=\"https:\/\/sainte-radegondehautegoulaine.fr\/wp-content\/uploads\/2016\/04\/DSC0612-lr.jpg\"><img loading=\"lazy\" decoding=\"async\" class=\"alignnone size-medium wp-image-1265\" src=\"https:\/\/sainte-radegondehautegoulaine.fr\/wp-content\/uploads\/2016\/04\/DSC0612-lr-300x200.jpg\" alt=\"_DSC0612-lr\" width=\"300\" height=\"200\" srcset=\"https:\/\/sainte-radegondehautegoulaine.fr\/wp-content\/uploads\/2016\/04\/DSC0612-lr-300x200.jpg 300w, https:\/\/sainte-radegondehautegoulaine.fr\/wp-content\/uploads\/2016\/04\/DSC0612-lr-768x512.jpg 768w, https:\/\/sainte-radegondehautegoulaine.fr\/wp-content\/uploads\/2016\/04\/DSC0612-lr-1024x683.jpg 1024w, https:\/\/sainte-radegondehautegoulaine.fr\/wp-content\/uploads\/2016\/04\/DSC0612-lr-960x640.jpg 960w, https:\/\/sainte-radegondehautegoulaine.fr\/wp-content\/uploads\/2016\/04\/DSC0612-lr-480x320.jpg 480w, https:\/\/sainte-radegondehautegoulaine.fr\/wp-content\/uploads\/2016\/04\/DSC0612-lr-320x213.jpg 320w, https:\/\/sainte-radegondehautegoulaine.fr\/wp-content\/uploads\/2016\/04\/DSC0612-lr-240x160.jpg 240w\" sizes=\"(max-width: 300px) 100vw, 300px\" \/><\/a> <a href=\"https:\/\/sainte-radegondehautegoulaine.fr\/wp-content\/uploads\/2016\/04\/DSC0610-lr.jpg\"><img loading=\"lazy\" decoding=\"async\" class=\"alignnone size-medium wp-image-1264\" src=\"https:\/\/sainte-radegondehautegoulaine.fr\/wp-content\/uploads\/2016\/04\/DSC0610-lr-300x200.jpg\" alt=\"_DSC0610-lr\" width=\"300\" height=\"200\" srcset=\"https:\/\/sainte-radegondehautegoulaine.fr\/wp-content\/uploads\/2016\/04\/DSC0610-lr-300x200.jpg 300w, https:\/\/sainte-radegondehautegoulaine.fr\/wp-content\/uploads\/2016\/04\/DSC0610-lr-768x512.jpg 768w, https:\/\/sainte-radegondehautegoulaine.fr\/wp-content\/uploads\/2016\/04\/DSC0610-lr-1024x683.jpg 1024w, https:\/\/sainte-radegondehautegoulaine.fr\/wp-content\/uploads\/2016\/04\/DSC0610-lr-960x640.jpg 960w, https:\/\/sainte-radegondehautegoulaine.fr\/wp-content\/uploads\/2016\/04\/DSC0610-lr-480x320.jpg 480w, https:\/\/sainte-radegondehautegoulaine.fr\/wp-content\/uploads\/2016\/04\/DSC0610-lr-320x213.jpg 320w, https:\/\/sainte-radegondehautegoulaine.fr\/wp-content\/uploads\/2016\/04\/DSC0610-lr-240x160.jpg 240w\" sizes=\"(max-width: 300px) 100vw, 300px\" \/><\/a> <a href=\"https:\/\/sainte-radegondehautegoulaine.fr\/wp-content\/uploads\/2016\/04\/DSC0605-lr.jpg\"><img loading=\"lazy\" decoding=\"async\" class=\"alignnone wp-image-1263\" src=\"https:\/\/sainte-radegondehautegoulaine.fr\/wp-content\/uploads\/2016\/04\/DSC0605-lr-254x300.jpg\" alt=\"_DSC0605-lr\" width=\"218\" height=\"257\" srcset=\"https:\/\/sainte-radegondehautegoulaine.fr\/wp-content\/uploads\/2016\/04\/DSC0605-lr-254x300.jpg 254w, https:\/\/sainte-radegondehautegoulaine.fr\/wp-content\/uploads\/2016\/04\/DSC0605-lr-768x907.jpg 768w, https:\/\/sainte-radegondehautegoulaine.fr\/wp-content\/uploads\/2016\/04\/DSC0605-lr-867x1024.jpg 867w\" sizes=\"(max-width: 218px) 100vw, 218px\" \/><\/a> <a href=\"https:\/\/sainte-radegondehautegoulaine.fr\/wp-content\/uploads\/2016\/04\/DSC0603-lr.jpg\"><img loading=\"lazy\" decoding=\"async\" class=\"alignnone size-medium wp-image-1262\" src=\"https:\/\/sainte-radegondehautegoulaine.fr\/wp-content\/uploads\/2016\/04\/DSC0603-lr-300x245.jpg\" alt=\"_DSC0603-lr\" width=\"300\" height=\"245\" srcset=\"https:\/\/sainte-radegondehautegoulaine.fr\/wp-content\/uploads\/2016\/04\/DSC0603-lr-300x245.jpg 300w, https:\/\/sainte-radegondehautegoulaine.fr\/wp-content\/uploads\/2016\/04\/DSC0603-lr-768x627.jpg 768w, https:\/\/sainte-radegondehautegoulaine.fr\/wp-content\/uploads\/2016\/04\/DSC0603-lr-1024x837.jpg 1024w\" sizes=\"(max-width: 300px) 100vw, 300px\" \/><\/a><\/p>\n","protected":false},"excerpt":{"rendered":"<p>Cette semaine, nous\u00a0 d\u00e9couvrons\u00a0 l&#8217;Art \u00e0 travers la poterie, l&#8217;enluminure, la photo, la peinture ou la construction de volumes, en lien avec le th\u00e8me des 4 \u00e9l\u00e9ments. En poterie, nous avons model\u00e9 un buste avec de l&#8217;argile jaune, rouge, noire et blanche. En enluminure, nous avons peint la lettrine de notre pr\u00e9nom\u00a0 gr\u00e2ce \u00e0 un<\/p>\n<p><a href=\"https:\/\/sainte-radegondehautegoulaine.fr\/?p=1259\" class=\"more-link themebutton\">Lire la suite<\/a><\/p>\n","protected":false},"author":11,"featured_media":0,"comment_status":"closed","ping_status":"closed","sticky":false,"template":"","format":"standard","meta":{"ngg_post_thumbnail":0,"footnotes":""},"categories":[9,10,11,13,1],"tags":[],"_links":{"self":[{"href":"https:\/\/sainte-radegondehautegoulaine.fr\/index.php?rest_route=\/wp\/v2\/posts\/1259"}],"collection":[{"href":"https:\/\/sainte-radegondehautegoulaine.fr\/index.php?rest_route=\/wp\/v2\/posts"}],"about":[{"href":"https:\/\/sainte-radegondehautegoulaine.fr\/index.php?rest_route=\/wp\/v2\/types\/post"}],"author":[{"embeddable":true,"href":"https:\/\/sainte-radegondehautegoulaine.fr\/index.php?rest_route=\/wp\/v2\/users\/11"}],"replies":[{"embeddable":true,"href":"https:\/\/sainte-radegondehautegoulaine.fr\/index.php?rest_route=%2Fwp%2Fv2%2Fcomments&post=1259"}],"version-history":[{"count":4,"href":"https:\/\/sainte-radegondehautegoulaine.fr\/index.php?rest_route=\/wp\/v2\/posts\/1259\/revisions"}],"predecessor-version":[{"id":1270,"href":"https:\/\/sainte-radegondehautegoulaine.fr\/index.php?rest_route=\/wp\/v2\/posts\/1259\/revisions\/1270"}],"wp:attachment":[{"href":"https:\/\/sainte-radegondehautegoulaine.fr\/index.php?rest_route=%2Fwp%2Fv2%2Fmedia&parent=1259"}],"wp:term":[{"taxonomy":"category","embeddable":true,"href":"https:\/\/sainte-radegondehautegoulaine.fr\/index.php?rest_route=%2Fwp%2Fv2%2Fcategories&post=1259"},{"taxonomy":"post_tag","embeddable":true,"href":"https:\/\/sainte-radegondehautegoulaine.fr\/index.php?rest_route=%2Fwp%2Fv2%2Ftags&post=1259"}],"curies":[{"name":"wp","href":"https:\/\/api.w.org\/{rel}","templated":true}]}}