{"id":145,"date":"2015-08-28T14:57:02","date_gmt":"2015-08-28T13:57:02","guid":{"rendered":"https:\/\/sainte-radegondehautegoulaine.fr\/?p=145"},"modified":"2015-08-28T22:01:00","modified_gmt":"2015-08-28T21:01:00","slug":"juin-2015-priere-de-ne-pas-entrer-dans-la-chambre-des-parents","status":"publish","type":"post","link":"https:\/\/sainte-radegondehautegoulaine.fr\/?p=145","title":{"rendered":"Juin 2015 Les CE1 se produisent au th\u00e9\u00e2tre"},"content":{"rendered":"<p>Lors de la f\u00eate du projet du 20 juin 2015, les \u00e9l\u00e8ves de CE1 des classes de C\u00e9cile\/Florence\/St\u00e9phane et de Dominique ont pu pr\u00e9senter le fruit de leur travail d&#8217;ann\u00e9e sur le projet th\u00e9\u00e2tre. Il ont \u00e9t\u00e9 accompagn\u00e9s par Ang\u00e8le, Morgane et Arnaud, de la troupe nantaise de &#8220;l&#8217;atelier du livre qui r\u00eave&#8221;. Tout d&#8217;abord, les enfants de la classe de C\u00e9cile ont interpr\u00eat\u00e9 des textes po\u00e9tiques de Ren\u00e9 de Obaldia. Dans un deuxi\u00e8me temps, les \u00e9l\u00e8ves de la classe de Dominique, ont pr\u00e9sent\u00e9 une adaptation th\u00e9\u00e2trale du livre \u00a0d&#8217;Alain Serres &#8220;Pri\u00e8re de ne pas entrer dans la chambre des parents, merci!&#8221;<\/p>\n<p>Voici donc l&#8217;enregistrement de ce spectacle pr\u00e9c\u00e9d\u00e9 du mot de pr\u00e9sentation de C\u00e9cile. Un petit clin d&#8217;oeil sur un bon moment&#8230;.<\/p>\n<p>Dominique<\/p>\n<p><iframe loading=\"lazy\" title=\"Mon film\" width=\"1170\" height=\"658\" src=\"https:\/\/www.youtube.com\/embed\/E_XOvG18vQg?feature=oembed\" frameborder=\"0\" allow=\"accelerometer; autoplay; encrypted-media; gyroscope; picture-in-picture\" allowfullscreen><\/iframe><\/p>\n","protected":false},"excerpt":{"rendered":"<p>Lors de la f\u00eate du projet du 20 juin 2015, les \u00e9l\u00e8ves de CE1 des classes de C\u00e9cile\/Florence\/St\u00e9phane et de Dominique ont pu pr\u00e9senter le fruit de leur travail d&#8217;ann\u00e9e sur le projet th\u00e9\u00e2tre. Il ont \u00e9t\u00e9 accompagn\u00e9s par Ang\u00e8le, Morgane et Arnaud, de la troupe nantaise de &#8220;l&#8217;atelier du livre qui r\u00eave&#8221;. Tout d&#8217;abord,<\/p>\n<p><a href=\"https:\/\/sainte-radegondehautegoulaine.fr\/?p=145\" class=\"more-link themebutton\">Lire la suite<\/a><\/p>\n","protected":false},"author":10,"featured_media":0,"comment_status":"closed","ping_status":"closed","sticky":false,"template":"","format":"standard","meta":{"ngg_post_thumbnail":0,"footnotes":""},"categories":[9,10],"tags":[],"_links":{"self":[{"href":"https:\/\/sainte-radegondehautegoulaine.fr\/index.php?rest_route=\/wp\/v2\/posts\/145"}],"collection":[{"href":"https:\/\/sainte-radegondehautegoulaine.fr\/index.php?rest_route=\/wp\/v2\/posts"}],"about":[{"href":"https:\/\/sainte-radegondehautegoulaine.fr\/index.php?rest_route=\/wp\/v2\/types\/post"}],"author":[{"embeddable":true,"href":"https:\/\/sainte-radegondehautegoulaine.fr\/index.php?rest_route=\/wp\/v2\/users\/10"}],"replies":[{"embeddable":true,"href":"https:\/\/sainte-radegondehautegoulaine.fr\/index.php?rest_route=%2Fwp%2Fv2%2Fcomments&post=145"}],"version-history":[{"count":6,"href":"https:\/\/sainte-radegondehautegoulaine.fr\/index.php?rest_route=\/wp\/v2\/posts\/145\/revisions"}],"predecessor-version":[{"id":207,"href":"https:\/\/sainte-radegondehautegoulaine.fr\/index.php?rest_route=\/wp\/v2\/posts\/145\/revisions\/207"}],"wp:attachment":[{"href":"https:\/\/sainte-radegondehautegoulaine.fr\/index.php?rest_route=%2Fwp%2Fv2%2Fmedia&parent=145"}],"wp:term":[{"taxonomy":"category","embeddable":true,"href":"https:\/\/sainte-radegondehautegoulaine.fr\/index.php?rest_route=%2Fwp%2Fv2%2Fcategories&post=145"},{"taxonomy":"post_tag","embeddable":true,"href":"https:\/\/sainte-radegondehautegoulaine.fr\/index.php?rest_route=%2Fwp%2Fv2%2Ftags&post=145"}],"curies":[{"name":"wp","href":"https:\/\/api.w.org\/{rel}","templated":true}]}}