{"id":1831,"date":"2017-01-27T18:58:37","date_gmt":"2017-01-27T17:58:37","guid":{"rendered":"https:\/\/sainte-radegondehautegoulaine.fr\/?p=1831"},"modified":"2017-01-27T18:58:37","modified_gmt":"2017-01-27T17:58:37","slug":"expo-de-photos","status":"publish","type":"post","link":"https:\/\/sainte-radegondehautegoulaine.fr\/?p=1831","title":{"rendered":"EXPO DE PHOTOS"},"content":{"rendered":"<p>La semaine des Arts\u00a0 v\u00e9cue par les \u00e9l\u00e8ves de CE2, CM1 et CM2 en 2016 confirme son succ\u00e8s.<a href=\"https:\/\/sainte-radegondehautegoulaine.fr\/wp-content\/uploads\/2017\/01\/IMG_0131-lr.jpg\"><img loading=\"lazy\" decoding=\"async\" class=\"alignright size-medium wp-image-1832\" src=\"https:\/\/sainte-radegondehautegoulaine.fr\/wp-content\/uploads\/2017\/01\/IMG_0131-lr-200x300.jpg\" alt=\"\" width=\"200\" height=\"300\" srcset=\"https:\/\/sainte-radegondehautegoulaine.fr\/wp-content\/uploads\/2017\/01\/IMG_0131-lr-200x300.jpg 200w, https:\/\/sainte-radegondehautegoulaine.fr\/wp-content\/uploads\/2017\/01\/IMG_0131-lr-768x1152.jpg 768w, https:\/\/sainte-radegondehautegoulaine.fr\/wp-content\/uploads\/2017\/01\/IMG_0131-lr-683x1024.jpg 683w\" sizes=\"(max-width: 200px) 100vw, 200px\" \/><\/a><\/p>\n<p>Vous pourrez de nouveau admirer l&#8217;exposition de photos \u00e0 la mairie du 1er f\u00e9vrier au 1er avril et la faire d\u00e9couvrir \u00e0 votre entourage.<\/p>\n<p>Claire CHASSE, Elisabeth LAURENT, St\u00e9phanie COUPEL, Dominique IDIER, Karine DENOUE et tous les enfants du cycle 3 de l&#8217;ann\u00e9e 2015-2016.<\/p>\n<p><a href=\"https:\/\/sainte-radegondehautegoulaine.fr\/wp-content\/uploads\/2017\/01\/6_-lr.jpg\"><img loading=\"lazy\" decoding=\"async\" class=\"size-medium wp-image-1833 alignright\" src=\"https:\/\/sainte-radegondehautegoulaine.fr\/wp-content\/uploads\/2017\/01\/6_-lr-300x200.jpg\" alt=\"\" width=\"300\" height=\"200\" srcset=\"https:\/\/sainte-radegondehautegoulaine.fr\/wp-content\/uploads\/2017\/01\/6_-lr-300x200.jpg 300w, https:\/\/sainte-radegondehautegoulaine.fr\/wp-content\/uploads\/2017\/01\/6_-lr-768x512.jpg 768w, https:\/\/sainte-radegondehautegoulaine.fr\/wp-content\/uploads\/2017\/01\/6_-lr-1024x683.jpg 1024w\" sizes=\"(max-width: 300px) 100vw, 300px\" \/><\/a><a href=\"https:\/\/sainte-radegondehautegoulaine.fr\/wp-content\/uploads\/2017\/01\/IMG_0156-lr.jpg\"><img loading=\"lazy\" decoding=\"async\" class=\"size-medium wp-image-1834 alignleft\" src=\"https:\/\/sainte-radegondehautegoulaine.fr\/wp-content\/uploads\/2017\/01\/IMG_0156-lr-300x191.jpg\" alt=\"\" width=\"300\" height=\"191\" srcset=\"https:\/\/sainte-radegondehautegoulaine.fr\/wp-content\/uploads\/2017\/01\/IMG_0156-lr-300x191.jpg 300w, https:\/\/sainte-radegondehautegoulaine.fr\/wp-content\/uploads\/2017\/01\/IMG_0156-lr-768x490.jpg 768w, https:\/\/sainte-radegondehautegoulaine.fr\/wp-content\/uploads\/2017\/01\/IMG_0156-lr-1024x653.jpg 1024w\" sizes=\"(max-width: 300px) 100vw, 300px\" \/><\/a><a href=\"https:\/\/sainte-radegondehautegoulaine.fr\/wp-content\/uploads\/2017\/01\/g24-lr.jpg\"><img loading=\"lazy\" decoding=\"async\" class=\"alignright size-medium wp-image-1835\" src=\"https:\/\/sainte-radegondehautegoulaine.fr\/wp-content\/uploads\/2017\/01\/g24-lr-300x230.jpg\" alt=\"\" width=\"300\" height=\"230\" srcset=\"https:\/\/sainte-radegondehautegoulaine.fr\/wp-content\/uploads\/2017\/01\/g24-lr-300x230.jpg 300w, https:\/\/sainte-radegondehautegoulaine.fr\/wp-content\/uploads\/2017\/01\/g24-lr-768x588.jpg 768w, https:\/\/sainte-radegondehautegoulaine.fr\/wp-content\/uploads\/2017\/01\/g24-lr-1024x784.jpg 1024w\" sizes=\"(max-width: 300px) 100vw, 300px\" \/><\/a><\/p>\n","protected":false},"excerpt":{"rendered":"<p>La semaine des Arts\u00a0 v\u00e9cue par les \u00e9l\u00e8ves de CE2, CM1 et CM2 en 2016 confirme son succ\u00e8s. Vous pourrez de nouveau admirer l&#8217;exposition de photos \u00e0 la mairie du 1er f\u00e9vrier au 1er avril et la faire d\u00e9couvrir \u00e0 votre entourage. Claire CHASSE, Elisabeth LAURENT, St\u00e9phanie COUPEL, Dominique IDIER, Karine DENOUE et tous les<\/p>\n<p><a href=\"https:\/\/sainte-radegondehautegoulaine.fr\/?p=1831\" class=\"more-link themebutton\">Lire la suite<\/a><\/p>\n","protected":false},"author":11,"featured_media":0,"comment_status":"closed","ping_status":"closed","sticky":false,"template":"","format":"standard","meta":{"ngg_post_thumbnail":0,"footnotes":""},"categories":[9,10,11,13],"tags":[],"_links":{"self":[{"href":"https:\/\/sainte-radegondehautegoulaine.fr\/index.php?rest_route=\/wp\/v2\/posts\/1831"}],"collection":[{"href":"https:\/\/sainte-radegondehautegoulaine.fr\/index.php?rest_route=\/wp\/v2\/posts"}],"about":[{"href":"https:\/\/sainte-radegondehautegoulaine.fr\/index.php?rest_route=\/wp\/v2\/types\/post"}],"author":[{"embeddable":true,"href":"https:\/\/sainte-radegondehautegoulaine.fr\/index.php?rest_route=\/wp\/v2\/users\/11"}],"replies":[{"embeddable":true,"href":"https:\/\/sainte-radegondehautegoulaine.fr\/index.php?rest_route=%2Fwp%2Fv2%2Fcomments&post=1831"}],"version-history":[{"count":2,"href":"https:\/\/sainte-radegondehautegoulaine.fr\/index.php?rest_route=\/wp\/v2\/posts\/1831\/revisions"}],"predecessor-version":[{"id":1837,"href":"https:\/\/sainte-radegondehautegoulaine.fr\/index.php?rest_route=\/wp\/v2\/posts\/1831\/revisions\/1837"}],"wp:attachment":[{"href":"https:\/\/sainte-radegondehautegoulaine.fr\/index.php?rest_route=%2Fwp%2Fv2%2Fmedia&parent=1831"}],"wp:term":[{"taxonomy":"category","embeddable":true,"href":"https:\/\/sainte-radegondehautegoulaine.fr\/index.php?rest_route=%2Fwp%2Fv2%2Fcategories&post=1831"},{"taxonomy":"post_tag","embeddable":true,"href":"https:\/\/sainte-radegondehautegoulaine.fr\/index.php?rest_route=%2Fwp%2Fv2%2Ftags&post=1831"}],"curies":[{"name":"wp","href":"https:\/\/api.w.org\/{rel}","templated":true}]}}