{"id":1924,"date":"2017-03-26T21:26:12","date_gmt":"2017-03-26T20:26:12","guid":{"rendered":"https:\/\/sainte-radegondehautegoulaine.fr\/?p=1924"},"modified":"2017-03-26T21:26:26","modified_gmt":"2017-03-26T20:26:26","slug":"le-tablier-de-lecole-customise","status":"publish","type":"post","link":"https:\/\/sainte-radegondehautegoulaine.fr\/?p=1924","title":{"rendered":"Le tablier de l&#8217;\u00e9cole customis\u00e9 !"},"content":{"rendered":"<p>Po<a href=\"https:\/\/sainte-radegondehautegoulaine.fr\/?attachment_id=1926#main\" rel=\"attachment wp-att-1926\"><img loading=\"lazy\" decoding=\"async\" class=\" wp-image-1926 alignright\" src=\"https:\/\/sainte-radegondehautegoulaine.fr\/wp-content\/uploads\/2017\/03\/PHOTO-TABLIERS-e1490456789282-225x300.jpg\" alt=\"\" width=\"296\" height=\"395\" srcset=\"https:\/\/sainte-radegondehautegoulaine.fr\/wp-content\/uploads\/2017\/03\/PHOTO-TABLIERS-e1490456789282-225x300.jpg 225w, https:\/\/sainte-radegondehautegoulaine.fr\/wp-content\/uploads\/2017\/03\/PHOTO-TABLIERS-e1490456789282-768x1024.jpg 768w\" sizes=\"(max-width: 296px) 100vw, 296px\" \/><\/a>ur cette derni\u00e8re action de l\u2019ann\u00e9e, les enfants ont particip\u00e9 \u00e0 la r\u00e9alisation d\u2019un <strong>tablier couleur sur lequel seront imprim\u00e9s le dessin et le pr\u00e9nom de votre enfant ainsi que ceux de ses camarades<\/strong>.<br \/>\nLes tabliers sont propos\u00e9s en 2 tailles (enfant\/adulte) et en 3 couleurs (rouge\/gris bleut\u00e9\/chocolat) au choix.<\/p>\n<p>Les dessins de chaque cycle seront regroup\u00e9s sur un m\u00eame tablier.<\/p>\n<p>Pour rappel : cycle 1 = classes de maternelle ; cycle 2 = classes de CP au CE2 ; cycle 3 = classes de CM1 et CM2.<\/p>\n<p>Pour passer votre commande, vous trouverez un bon \u00e0 compl\u00e9ter dans le cartable de votre enfant. Et pour les \u00e9tourdis, vous pouvez imprimer le bon ci-apr\u00e8s:\u00a0<a href=\"https:\/\/sainte-radegondehautegoulaine.fr\/?attachment_id=1934\" rel=\"attachment wp-att-1934\">BON DE COMMANDE<\/a><\/p>\n<p>&nbsp;<\/p>\n<p>Joindre votre r\u00e8glement \u00e0 l\u2019ordre de l\u2019APEL SAINT REDEGONDE pour le <strong>JEUDI 6 AVRIL<\/strong> afin de recevoir vos commandes la semaine 21.<\/p>\n<p>&nbsp;<\/p>\n<p>&nbsp;<\/p>\n<p><span style=\"border-radius: 2px; text-indent: 20px; width: auto; padding: 0px 4px 0px 0px; text-align: center; font: bold 11px\/20px 'Helvetica Neue',Helvetica,sans-serif; color: #ffffff; background: #bd081c no-repeat scroll 3px 50% \/ 14px 14px; position: absolute; opacity: 1; z-index: 8675309; display: none; cursor: pointer;\">Enregistrer<\/span><\/p>\n<p><span style=\"border-radius: 2px; text-indent: 20px; width: auto; padding: 0px 4px 0px 0px; text-align: center; font: bold 11px\/20px 'Helvetica Neue',Helvetica,sans-serif; color: #ffffff; background: #bd081c  no-repeat scroll 3px 50% \/ 14px 14px; position: absolute; opacity: 1; z-index: 8675309; display: none; cursor: pointer;\">Enregistrer<\/span><\/p>\n","protected":false},"excerpt":{"rendered":"<p>Pour cette derni\u00e8re action de l\u2019ann\u00e9e, les enfants ont particip\u00e9 \u00e0 la r\u00e9alisation d\u2019un tablier couleur sur lequel seront imprim\u00e9s le dessin et le pr\u00e9nom de votre enfant ainsi que ceux de ses camarades. Les tabliers sont propos\u00e9s en 2 tailles (enfant\/adulte) et en 3 couleurs (rouge\/gris bleut\u00e9\/chocolat) au choix. Les dessins de chaque cycle<\/p>\n<p><a href=\"https:\/\/sainte-radegondehautegoulaine.fr\/?p=1924\" class=\"more-link themebutton\">Lire la suite<\/a><\/p>\n","protected":false},"author":3,"featured_media":0,"comment_status":"closed","ping_status":"closed","sticky":false,"template":"","format":"standard","meta":{"ngg_post_thumbnail":0,"footnotes":""},"categories":[14],"tags":[],"_links":{"self":[{"href":"https:\/\/sainte-radegondehautegoulaine.fr\/index.php?rest_route=\/wp\/v2\/posts\/1924"}],"collection":[{"href":"https:\/\/sainte-radegondehautegoulaine.fr\/index.php?rest_route=\/wp\/v2\/posts"}],"about":[{"href":"https:\/\/sainte-radegondehautegoulaine.fr\/index.php?rest_route=\/wp\/v2\/types\/post"}],"author":[{"embeddable":true,"href":"https:\/\/sainte-radegondehautegoulaine.fr\/index.php?rest_route=\/wp\/v2\/users\/3"}],"replies":[{"embeddable":true,"href":"https:\/\/sainte-radegondehautegoulaine.fr\/index.php?rest_route=%2Fwp%2Fv2%2Fcomments&post=1924"}],"version-history":[{"count":11,"href":"https:\/\/sainte-radegondehautegoulaine.fr\/index.php?rest_route=\/wp\/v2\/posts\/1924\/revisions"}],"predecessor-version":[{"id":1938,"href":"https:\/\/sainte-radegondehautegoulaine.fr\/index.php?rest_route=\/wp\/v2\/posts\/1924\/revisions\/1938"}],"wp:attachment":[{"href":"https:\/\/sainte-radegondehautegoulaine.fr\/index.php?rest_route=%2Fwp%2Fv2%2Fmedia&parent=1924"}],"wp:term":[{"taxonomy":"category","embeddable":true,"href":"https:\/\/sainte-radegondehautegoulaine.fr\/index.php?rest_route=%2Fwp%2Fv2%2Fcategories&post=1924"},{"taxonomy":"post_tag","embeddable":true,"href":"https:\/\/sainte-radegondehautegoulaine.fr\/index.php?rest_route=%2Fwp%2Fv2%2Ftags&post=1924"}],"curies":[{"name":"wp","href":"https:\/\/api.w.org\/{rel}","templated":true}]}}