{"id":1941,"date":"2017-03-29T20:30:26","date_gmt":"2017-03-29T19:30:26","guid":{"rendered":"https:\/\/sainte-radegondehautegoulaine.fr\/?p=1941"},"modified":"2017-03-29T20:30:26","modified_gmt":"2017-03-29T19:30:26","slug":"vernissage-de-lexposition-de-photos","status":"publish","type":"post","link":"https:\/\/sainte-radegondehautegoulaine.fr\/?p=1941","title":{"rendered":"VERNISSAGE DE L&#8217;EXPOSITION DE PHOTOS"},"content":{"rendered":"<p>Le vernissage de l&#8217;exposition de photos a eu lieu le vendredi 10 mars, \u00e0 la mairie, en pr\u00e9sence de Mme Chapeau, Mr Cuchot , Mme Launay et des membres du conseil municipal.<\/p>\n<p>Enfants, parents et enseignants\u00a0 de l&#8217;\u00e9cole ont pu re-d\u00e9couvrir les oeuvres ayant pour th\u00e8me &#8221; l&#8217;eau sous toutes ses formes&#8221;.<\/p>\n<p>Les \u00e9lus ont soulign\u00e9 la qualit\u00e9 et l&#8217;originalit\u00e9 du travail r\u00e9alis\u00e9 par les enfants.<\/p>\n<p>Cette exposition est encore visible jusqu&#8217;au samedi 1er Avril.<\/p>\n<p><a href=\"https:\/\/sainte-radegondehautegoulaine.fr\/wp-content\/uploads\/2017\/03\/2017.03.10-9-lr.jpg\"><img loading=\"lazy\" decoding=\"async\" class=\"alignnone size-medium wp-image-1942\" src=\"https:\/\/sainte-radegondehautegoulaine.fr\/wp-content\/uploads\/2017\/03\/2017.03.10-9-lr-300x200.jpg\" alt=\"\" width=\"300\" height=\"200\" srcset=\"https:\/\/sainte-radegondehautegoulaine.fr\/wp-content\/uploads\/2017\/03\/2017.03.10-9-lr-300x200.jpg 300w, https:\/\/sainte-radegondehautegoulaine.fr\/wp-content\/uploads\/2017\/03\/2017.03.10-9-lr-768x512.jpg 768w, https:\/\/sainte-radegondehautegoulaine.fr\/wp-content\/uploads\/2017\/03\/2017.03.10-9-lr-1024x683.jpg 1024w\" sizes=\"(max-width: 300px) 100vw, 300px\" \/><\/a><a href=\"https:\/\/sainte-radegondehautegoulaine.fr\/wp-content\/uploads\/2017\/03\/IMG_0516-lr.jpg\"><img loading=\"lazy\" decoding=\"async\" class=\"alignright  wp-image-1945\" src=\"https:\/\/sainte-radegondehautegoulaine.fr\/wp-content\/uploads\/2017\/03\/IMG_0516-lr-300x225.jpg\" alt=\"\" width=\"260\" height=\"195\" srcset=\"https:\/\/sainte-radegondehautegoulaine.fr\/wp-content\/uploads\/2017\/03\/IMG_0516-lr-300x225.jpg 300w, https:\/\/sainte-radegondehautegoulaine.fr\/wp-content\/uploads\/2017\/03\/IMG_0516-lr-768x576.jpg 768w, https:\/\/sainte-radegondehautegoulaine.fr\/wp-content\/uploads\/2017\/03\/IMG_0516-lr-1024x768.jpg 1024w\" sizes=\"(max-width: 260px) 100vw, 260px\" \/><\/a><a href=\"https:\/\/sainte-radegondehautegoulaine.fr\/wp-content\/uploads\/2017\/03\/2017.03.10-21-lr.jpg\"><img loading=\"lazy\" decoding=\"async\" class=\"alignright size-medium wp-image-1943\" src=\"https:\/\/sainte-radegondehautegoulaine.fr\/wp-content\/uploads\/2017\/03\/2017.03.10-21-lr-300x200.jpg\" alt=\"\" width=\"300\" height=\"200\" srcset=\"https:\/\/sainte-radegondehautegoulaine.fr\/wp-content\/uploads\/2017\/03\/2017.03.10-21-lr-300x200.jpg 300w, https:\/\/sainte-radegondehautegoulaine.fr\/wp-content\/uploads\/2017\/03\/2017.03.10-21-lr-768x512.jpg 768w, https:\/\/sainte-radegondehautegoulaine.fr\/wp-content\/uploads\/2017\/03\/2017.03.10-21-lr-1024x683.jpg 1024w\" sizes=\"(max-width: 300px) 100vw, 300px\" \/><\/a> <a href=\"https:\/\/sainte-radegondehautegoulaine.fr\/wp-content\/uploads\/2017\/03\/IMG_0515-lr.jpg\"><img loading=\"lazy\" decoding=\"async\" class=\"alignright  wp-image-1944\" src=\"https:\/\/sainte-radegondehautegoulaine.fr\/wp-content\/uploads\/2017\/03\/IMG_0515-lr-300x225.jpg\" alt=\"\" width=\"268\" height=\"201\" srcset=\"https:\/\/sainte-radegondehautegoulaine.fr\/wp-content\/uploads\/2017\/03\/IMG_0515-lr-300x225.jpg 300w, https:\/\/sainte-radegondehautegoulaine.fr\/wp-content\/uploads\/2017\/03\/IMG_0515-lr-768x576.jpg 768w, https:\/\/sainte-radegondehautegoulaine.fr\/wp-content\/uploads\/2017\/03\/IMG_0515-lr-1024x768.jpg 1024w\" sizes=\"(max-width: 268px) 100vw, 268px\" \/><\/a> <a href=\"https:\/\/sainte-radegondehautegoulaine.fr\/wp-content\/uploads\/2017\/03\/IMG_0522-lr.jpg\"><img loading=\"lazy\" decoding=\"async\" class=\"alignright size-medium wp-image-1946\" src=\"https:\/\/sainte-radegondehautegoulaine.fr\/wp-content\/uploads\/2017\/03\/IMG_0522-lr-300x225.jpg\" alt=\"\" width=\"300\" height=\"225\" srcset=\"https:\/\/sainte-radegondehautegoulaine.fr\/wp-content\/uploads\/2017\/03\/IMG_0522-lr-300x225.jpg 300w, https:\/\/sainte-radegondehautegoulaine.fr\/wp-content\/uploads\/2017\/03\/IMG_0522-lr-768x576.jpg 768w, https:\/\/sainte-radegondehautegoulaine.fr\/wp-content\/uploads\/2017\/03\/IMG_0522-lr-1024x768.jpg 1024w\" sizes=\"(max-width: 300px) 100vw, 300px\" \/><\/a><\/p>\n","protected":false},"excerpt":{"rendered":"<p>Le vernissage de l&#8217;exposition de photos a eu lieu le vendredi 10 mars, \u00e0 la mairie, en pr\u00e9sence de Mme Chapeau, Mr Cuchot , Mme Launay et des membres du conseil municipal. Enfants, parents et enseignants\u00a0 de l&#8217;\u00e9cole ont pu re-d\u00e9couvrir les oeuvres ayant pour th\u00e8me &#8221; l&#8217;eau sous toutes ses formes&#8221;. Les \u00e9lus ont<\/p>\n<p><a href=\"https:\/\/sainte-radegondehautegoulaine.fr\/?p=1941\" class=\"more-link themebutton\">Lire la suite<\/a><\/p>\n","protected":false},"author":11,"featured_media":0,"comment_status":"closed","ping_status":"closed","sticky":false,"template":"","format":"standard","meta":{"ngg_post_thumbnail":0,"footnotes":""},"categories":[9,10,11,13],"tags":[],"_links":{"self":[{"href":"https:\/\/sainte-radegondehautegoulaine.fr\/index.php?rest_route=\/wp\/v2\/posts\/1941"}],"collection":[{"href":"https:\/\/sainte-radegondehautegoulaine.fr\/index.php?rest_route=\/wp\/v2\/posts"}],"about":[{"href":"https:\/\/sainte-radegondehautegoulaine.fr\/index.php?rest_route=\/wp\/v2\/types\/post"}],"author":[{"embeddable":true,"href":"https:\/\/sainte-radegondehautegoulaine.fr\/index.php?rest_route=\/wp\/v2\/users\/11"}],"replies":[{"embeddable":true,"href":"https:\/\/sainte-radegondehautegoulaine.fr\/index.php?rest_route=%2Fwp%2Fv2%2Fcomments&post=1941"}],"version-history":[{"count":1,"href":"https:\/\/sainte-radegondehautegoulaine.fr\/index.php?rest_route=\/wp\/v2\/posts\/1941\/revisions"}],"predecessor-version":[{"id":1947,"href":"https:\/\/sainte-radegondehautegoulaine.fr\/index.php?rest_route=\/wp\/v2\/posts\/1941\/revisions\/1947"}],"wp:attachment":[{"href":"https:\/\/sainte-radegondehautegoulaine.fr\/index.php?rest_route=%2Fwp%2Fv2%2Fmedia&parent=1941"}],"wp:term":[{"taxonomy":"category","embeddable":true,"href":"https:\/\/sainte-radegondehautegoulaine.fr\/index.php?rest_route=%2Fwp%2Fv2%2Fcategories&post=1941"},{"taxonomy":"post_tag","embeddable":true,"href":"https:\/\/sainte-radegondehautegoulaine.fr\/index.php?rest_route=%2Fwp%2Fv2%2Ftags&post=1941"}],"curies":[{"name":"wp","href":"https:\/\/api.w.org\/{rel}","templated":true}]}}