{"id":2159,"date":"2017-09-20T22:40:46","date_gmt":"2017-09-20T21:40:46","guid":{"rendered":"https:\/\/sainte-radegondehautegoulaine.fr\/?p=2159"},"modified":"2017-09-22T14:52:35","modified_gmt":"2017-09-22T13:52:35","slug":"bienvenue","status":"publish","type":"post","link":"https:\/\/sainte-radegondehautegoulaine.fr\/?p=2159","title":{"rendered":"BIENVENUE"},"content":{"rendered":"<p><a href=\"https:\/\/sainte-radegondehautegoulaine.fr\/wp-content\/uploads\/2017\/09\/20170907_110603_resized.jpg\"><img loading=\"lazy\" decoding=\"async\" class=\"alignnone size-medium wp-image-2165\" src=\"https:\/\/sainte-radegondehautegoulaine.fr\/wp-content\/uploads\/2017\/09\/20170907_110603_resized-300x169.jpg\" alt=\"\" width=\"300\" height=\"169\" srcset=\"https:\/\/sainte-radegondehautegoulaine.fr\/wp-content\/uploads\/2017\/09\/20170907_110603_resized-300x169.jpg 300w, https:\/\/sainte-radegondehautegoulaine.fr\/wp-content\/uploads\/2017\/09\/20170907_110603_resized-768x432.jpg 768w, https:\/\/sainte-radegondehautegoulaine.fr\/wp-content\/uploads\/2017\/09\/20170907_110603_resized-1024x576.jpg 1024w, https:\/\/sainte-radegondehautegoulaine.fr\/wp-content\/uploads\/2017\/09\/20170907_110603_resized.jpg 1632w\" sizes=\"(max-width: 300px) 100vw, 300px\" \/><\/a>Jeudi 7 septembre, tous les \u00e9l\u00e8ves de l&#8217;\u00e9cole se sont retrouv\u00e9s sur la grande cour pour souhaiter la bienvenue \u00e0 leurs nouveaux copains et copines de classe.<\/p>\n<p>En petite section bien sur, mais les rangs se sont agrandis en MS , en CP, en CE2, en CM1 et en CM2.<\/p>\n<p>Nous les avons accueillis avec un chant que les grands ont repris de la chorale de l&#8217;an dernier. &#8220;Allez on part, on met les voiles&#8230;&#8221;<\/p>\n<p>Bravo \u00e0 tous ! et Bonne ann\u00e9e scolaire .<\/p>\n<p><a href=\"https:\/\/sainte-radegondehautegoulaine.fr\/wp-content\/uploads\/2017\/09\/20170907_110218_resized.jpg\"><img loading=\"lazy\" decoding=\"async\" class=\"alignnone size-medium wp-image-2162\" src=\"https:\/\/sainte-radegondehautegoulaine.fr\/wp-content\/uploads\/2017\/09\/20170907_110218_resized-300x169.jpg\" alt=\"\" width=\"300\" height=\"169\" srcset=\"https:\/\/sainte-radegondehautegoulaine.fr\/wp-content\/uploads\/2017\/09\/20170907_110218_resized-300x169.jpg 300w, https:\/\/sainte-radegondehautegoulaine.fr\/wp-content\/uploads\/2017\/09\/20170907_110218_resized-768x432.jpg 768w, https:\/\/sainte-radegondehautegoulaine.fr\/wp-content\/uploads\/2017\/09\/20170907_110218_resized-1024x576.jpg 1024w, https:\/\/sainte-radegondehautegoulaine.fr\/wp-content\/uploads\/2017\/09\/20170907_110218_resized.jpg 1632w\" sizes=\"(max-width: 300px) 100vw, 300px\" \/><\/a><a href=\"https:\/\/sainte-radegondehautegoulaine.fr\/wp-content\/uploads\/2017\/09\/20170907_105742_resized.jpg\"><img loading=\"lazy\" decoding=\"async\" class=\"alignnone size-medium wp-image-2164\" src=\"https:\/\/sainte-radegondehautegoulaine.fr\/wp-content\/uploads\/2017\/09\/20170907_105742_resized-300x169.jpg\" alt=\"\" width=\"300\" height=\"169\" srcset=\"https:\/\/sainte-radegondehautegoulaine.fr\/wp-content\/uploads\/2017\/09\/20170907_105742_resized-300x169.jpg 300w, https:\/\/sainte-radegondehautegoulaine.fr\/wp-content\/uploads\/2017\/09\/20170907_105742_resized-768x432.jpg 768w, https:\/\/sainte-radegondehautegoulaine.fr\/wp-content\/uploads\/2017\/09\/20170907_105742_resized-1024x576.jpg 1024w, https:\/\/sainte-radegondehautegoulaine.fr\/wp-content\/uploads\/2017\/09\/20170907_105742_resized.jpg 1632w\" sizes=\"(max-width: 300px) 100vw, 300px\" \/><\/a><a href=\"https:\/\/sainte-radegondehautegoulaine.fr\/wp-content\/uploads\/2017\/09\/20170907_105824_resized_1.jpg\"><img loading=\"lazy\" decoding=\"async\" class=\"alignnone size-medium wp-image-2161\" src=\"https:\/\/sainte-radegondehautegoulaine.fr\/wp-content\/uploads\/2017\/09\/20170907_105824_resized_1-300x169.jpg\" alt=\"\" width=\"300\" height=\"169\" srcset=\"https:\/\/sainte-radegondehautegoulaine.fr\/wp-content\/uploads\/2017\/09\/20170907_105824_resized_1-300x169.jpg 300w, https:\/\/sainte-radegondehautegoulaine.fr\/wp-content\/uploads\/2017\/09\/20170907_105824_resized_1-768x432.jpg 768w, https:\/\/sainte-radegondehautegoulaine.fr\/wp-content\/uploads\/2017\/09\/20170907_105824_resized_1-1024x576.jpg 1024w, https:\/\/sainte-radegondehautegoulaine.fr\/wp-content\/uploads\/2017\/09\/20170907_105824_resized_1.jpg 1632w\" sizes=\"(max-width: 300px) 100vw, 300px\" \/><\/a><a href=\"https:\/\/sainte-radegondehautegoulaine.fr\/wp-content\/uploads\/2017\/09\/20170907_110224_resized.jpg\"><img loading=\"lazy\" decoding=\"async\" class=\"alignnone size-medium wp-image-2163\" src=\"https:\/\/sainte-radegondehautegoulaine.fr\/wp-content\/uploads\/2017\/09\/20170907_110224_resized-300x169.jpg\" alt=\"\" width=\"300\" height=\"169\" srcset=\"https:\/\/sainte-radegondehautegoulaine.fr\/wp-content\/uploads\/2017\/09\/20170907_110224_resized-300x169.jpg 300w, https:\/\/sainte-radegondehautegoulaine.fr\/wp-content\/uploads\/2017\/09\/20170907_110224_resized-768x432.jpg 768w, https:\/\/sainte-radegondehautegoulaine.fr\/wp-content\/uploads\/2017\/09\/20170907_110224_resized-1024x576.jpg 1024w, https:\/\/sainte-radegondehautegoulaine.fr\/wp-content\/uploads\/2017\/09\/20170907_110224_resized.jpg 1632w\" sizes=\"(max-width: 300px) 100vw, 300px\" \/><\/a><\/p>\n<p>&nbsp;<\/p>\n","protected":false},"excerpt":{"rendered":"<p>Jeudi 7 septembre, tous les \u00e9l\u00e8ves de l&#8217;\u00e9cole se sont retrouv\u00e9s sur la grande cour pour souhaiter la bienvenue \u00e0 leurs nouveaux copains et copines de classe. En petite section bien sur, mais les rangs se sont agrandis en MS , en CP, en CE2, en CM1 et en CM2. Nous les avons accueillis avec<\/p>\n<p><a href=\"https:\/\/sainte-radegondehautegoulaine.fr\/?p=2159\" class=\"more-link themebutton\">Lire la suite<\/a><\/p>\n","protected":false},"author":2,"featured_media":0,"comment_status":"closed","ping_status":"closed","sticky":false,"template":"","format":"standard","meta":{"ngg_post_thumbnail":0,"footnotes":""},"categories":[9,10,11,13,7,6],"tags":[],"_links":{"self":[{"href":"https:\/\/sainte-radegondehautegoulaine.fr\/index.php?rest_route=\/wp\/v2\/posts\/2159"}],"collection":[{"href":"https:\/\/sainte-radegondehautegoulaine.fr\/index.php?rest_route=\/wp\/v2\/posts"}],"about":[{"href":"https:\/\/sainte-radegondehautegoulaine.fr\/index.php?rest_route=\/wp\/v2\/types\/post"}],"author":[{"embeddable":true,"href":"https:\/\/sainte-radegondehautegoulaine.fr\/index.php?rest_route=\/wp\/v2\/users\/2"}],"replies":[{"embeddable":true,"href":"https:\/\/sainte-radegondehautegoulaine.fr\/index.php?rest_route=%2Fwp%2Fv2%2Fcomments&post=2159"}],"version-history":[{"count":3,"href":"https:\/\/sainte-radegondehautegoulaine.fr\/index.php?rest_route=\/wp\/v2\/posts\/2159\/revisions"}],"predecessor-version":[{"id":2167,"href":"https:\/\/sainte-radegondehautegoulaine.fr\/index.php?rest_route=\/wp\/v2\/posts\/2159\/revisions\/2167"}],"wp:attachment":[{"href":"https:\/\/sainte-radegondehautegoulaine.fr\/index.php?rest_route=%2Fwp%2Fv2%2Fmedia&parent=2159"}],"wp:term":[{"taxonomy":"category","embeddable":true,"href":"https:\/\/sainte-radegondehautegoulaine.fr\/index.php?rest_route=%2Fwp%2Fv2%2Fcategories&post=2159"},{"taxonomy":"post_tag","embeddable":true,"href":"https:\/\/sainte-radegondehautegoulaine.fr\/index.php?rest_route=%2Fwp%2Fv2%2Ftags&post=2159"}],"curies":[{"name":"wp","href":"https:\/\/api.w.org\/{rel}","templated":true}]}}