{"id":3413,"date":"2018-09-28T08:59:10","date_gmt":"2018-09-28T07:59:10","guid":{"rendered":"https:\/\/sainte-radegondehautegoulaine.fr\/?p=3413"},"modified":"2018-09-28T08:59:10","modified_gmt":"2018-09-28T07:59:10","slug":"chant-de-rentree-2018","status":"publish","type":"post","link":"https:\/\/sainte-radegondehautegoulaine.fr\/?p=3413","title":{"rendered":"Chant de rentr\u00e9e 2018"},"content":{"rendered":"<p>Lundi 3 septembre , nous avons accueilli tous les nouveaux \u00e9l\u00e8ves de l&#8217;\u00e9cole. 47 nouveaux copains et copines.&nbsp;<\/p>\n<p>Nous avons repris un chant choral de l&#8217;ann\u00e9e derni\u00e8re &#8220;Allez on part, on met les voiles&#8221; , histoire de partir du bon pied pour cette nouvelle ann\u00e9e.&nbsp;<\/p>\n<p>Belle ann\u00e9e scolaire \u00e0 tous&nbsp;<\/p>\n<p><a href=\"https:\/\/sainte-radegondehautegoulaine.fr\/wp-content\/uploads\/2018\/09\/20180903_110207_resized.jpg\"><img loading=\"lazy\" decoding=\"async\" width=\"300\" height=\"169\" class=\"alignnone size-medium wp-image-3414\" alt=\"\" src=\"https:\/\/sainte-radegondehautegoulaine.fr\/wp-content\/uploads\/2018\/09\/20180903_110207_resized-300x169.jpg\" srcset=\"https:\/\/sainte-radegondehautegoulaine.fr\/wp-content\/uploads\/2018\/09\/20180903_110207_resized-300x169.jpg 300w, https:\/\/sainte-radegondehautegoulaine.fr\/wp-content\/uploads\/2018\/09\/20180903_110207_resized-768x432.jpg 768w, https:\/\/sainte-radegondehautegoulaine.fr\/wp-content\/uploads\/2018\/09\/20180903_110207_resized-1024x576.jpg 1024w, https:\/\/sainte-radegondehautegoulaine.fr\/wp-content\/uploads\/2018\/09\/20180903_110207_resized.jpg 1632w\" sizes=\"(max-width: 300px) 100vw, 300px\" \/><\/a> <a href=\"https:\/\/sainte-radegondehautegoulaine.fr\/wp-content\/uploads\/2018\/09\/20180903_110224_resized.jpg\"><img loading=\"lazy\" decoding=\"async\" width=\"300\" height=\"169\" class=\"alignnone size-medium wp-image-3415\" alt=\"\" src=\"https:\/\/sainte-radegondehautegoulaine.fr\/wp-content\/uploads\/2018\/09\/20180903_110224_resized-300x169.jpg\" srcset=\"https:\/\/sainte-radegondehautegoulaine.fr\/wp-content\/uploads\/2018\/09\/20180903_110224_resized-300x169.jpg 300w, https:\/\/sainte-radegondehautegoulaine.fr\/wp-content\/uploads\/2018\/09\/20180903_110224_resized-768x432.jpg 768w, https:\/\/sainte-radegondehautegoulaine.fr\/wp-content\/uploads\/2018\/09\/20180903_110224_resized-1024x576.jpg 1024w, https:\/\/sainte-radegondehautegoulaine.fr\/wp-content\/uploads\/2018\/09\/20180903_110224_resized.jpg 1632w\" sizes=\"(max-width: 300px) 100vw, 300px\" \/><\/a> <a href=\"https:\/\/sainte-radegondehautegoulaine.fr\/wp-content\/uploads\/2018\/09\/20180903_110910_resized.jpg\"><img loading=\"lazy\" decoding=\"async\" width=\"300\" height=\"169\" class=\"alignnone size-medium wp-image-3416\" alt=\"\" src=\"https:\/\/sainte-radegondehautegoulaine.fr\/wp-content\/uploads\/2018\/09\/20180903_110910_resized-300x169.jpg\" srcset=\"https:\/\/sainte-radegondehautegoulaine.fr\/wp-content\/uploads\/2018\/09\/20180903_110910_resized-300x169.jpg 300w, https:\/\/sainte-radegondehautegoulaine.fr\/wp-content\/uploads\/2018\/09\/20180903_110910_resized-768x432.jpg 768w, https:\/\/sainte-radegondehautegoulaine.fr\/wp-content\/uploads\/2018\/09\/20180903_110910_resized-1024x576.jpg 1024w, https:\/\/sainte-radegondehautegoulaine.fr\/wp-content\/uploads\/2018\/09\/20180903_110910_resized.jpg 1632w\" sizes=\"(max-width: 300px) 100vw, 300px\" \/><\/a> <a href=\"https:\/\/sainte-radegondehautegoulaine.fr\/wp-content\/uploads\/2018\/09\/20180903_110934_resized.jpg\"><img loading=\"lazy\" decoding=\"async\" width=\"300\" height=\"169\" class=\"alignnone size-medium wp-image-3417\" alt=\"\" src=\"https:\/\/sainte-radegondehautegoulaine.fr\/wp-content\/uploads\/2018\/09\/20180903_110934_resized-300x169.jpg\" srcset=\"https:\/\/sainte-radegondehautegoulaine.fr\/wp-content\/uploads\/2018\/09\/20180903_110934_resized-300x169.jpg 300w, https:\/\/sainte-radegondehautegoulaine.fr\/wp-content\/uploads\/2018\/09\/20180903_110934_resized-768x432.jpg 768w, https:\/\/sainte-radegondehautegoulaine.fr\/wp-content\/uploads\/2018\/09\/20180903_110934_resized-1024x576.jpg 1024w, https:\/\/sainte-radegondehautegoulaine.fr\/wp-content\/uploads\/2018\/09\/20180903_110934_resized.jpg 1632w\" sizes=\"(max-width: 300px) 100vw, 300px\" \/><\/a><\/p>\n","protected":false},"excerpt":{"rendered":"<p>Lundi 3 septembre , nous avons accueilli tous les nouveaux \u00e9l\u00e8ves de l&#8217;\u00e9cole. 47 nouveaux copains et copines.&nbsp; Nous avons repris un chant choral de l&#8217;ann\u00e9e derni\u00e8re &#8220;Allez on part, on met les voiles&#8221; , histoire de partir du bon pied pour cette nouvelle ann\u00e9e.&nbsp; Belle ann\u00e9e scolaire \u00e0 tous&nbsp;<\/p>\n","protected":false},"author":2,"featured_media":0,"comment_status":"closed","ping_status":"closed","sticky":false,"template":"","format":"standard","meta":{"ngg_post_thumbnail":0,"footnotes":""},"categories":[9,10,11,13,7,6],"tags":[],"_links":{"self":[{"href":"https:\/\/sainte-radegondehautegoulaine.fr\/index.php?rest_route=\/wp\/v2\/posts\/3413"}],"collection":[{"href":"https:\/\/sainte-radegondehautegoulaine.fr\/index.php?rest_route=\/wp\/v2\/posts"}],"about":[{"href":"https:\/\/sainte-radegondehautegoulaine.fr\/index.php?rest_route=\/wp\/v2\/types\/post"}],"author":[{"embeddable":true,"href":"https:\/\/sainte-radegondehautegoulaine.fr\/index.php?rest_route=\/wp\/v2\/users\/2"}],"replies":[{"embeddable":true,"href":"https:\/\/sainte-radegondehautegoulaine.fr\/index.php?rest_route=%2Fwp%2Fv2%2Fcomments&post=3413"}],"version-history":[{"count":1,"href":"https:\/\/sainte-radegondehautegoulaine.fr\/index.php?rest_route=\/wp\/v2\/posts\/3413\/revisions"}],"predecessor-version":[{"id":3418,"href":"https:\/\/sainte-radegondehautegoulaine.fr\/index.php?rest_route=\/wp\/v2\/posts\/3413\/revisions\/3418"}],"wp:attachment":[{"href":"https:\/\/sainte-radegondehautegoulaine.fr\/index.php?rest_route=%2Fwp%2Fv2%2Fmedia&parent=3413"}],"wp:term":[{"taxonomy":"category","embeddable":true,"href":"https:\/\/sainte-radegondehautegoulaine.fr\/index.php?rest_route=%2Fwp%2Fv2%2Fcategories&post=3413"},{"taxonomy":"post_tag","embeddable":true,"href":"https:\/\/sainte-radegondehautegoulaine.fr\/index.php?rest_route=%2Fwp%2Fv2%2Ftags&post=3413"}],"curies":[{"name":"wp","href":"https:\/\/api.w.org\/{rel}","templated":true}]}}