{"id":4851,"date":"2021-10-06T17:26:06","date_gmt":"2021-10-06T16:26:06","guid":{"rendered":"https:\/\/sainte-radegondehautegoulaine.fr\/?p=4851"},"modified":"2021-10-06T17:26:07","modified_gmt":"2021-10-06T16:26:07","slug":"connaissez-vous-lapel","status":"publish","type":"post","link":"https:\/\/sainte-radegondehautegoulaine.fr\/?p=4851","title":{"rendered":"Connaissez vous l&#8217;APEL?"},"content":{"rendered":"<p>En ce d\u00e9but d&#8217;ann\u00e9e, nous avons le plaisir d&#8217;accueillir de nouvelles familles au sein de l&#8217;\u00e9tablissement. C&#8217;est une occasion pour nous de (re!)pr\u00e9senter l&#8217;APEL, l&#8217;Association de parents d&#8217;\u00e9l\u00e8ves de l&#8217;enseignement libre.<\/p>\n<p>L&#8217;APEL, compos\u00e9s du bureau \u00e9lu et de nombreux membres b\u00e9n\u00e9voles, s&#8217;implique au sein de l&#8217;\u00e9cole Sainte Radegonde pour faire vivre l&#8217;\u00e9tablissement, informer et repr\u00e9senter les parents. Toute l&#8217;ann\u00e9e nous mettons en \u0153uvre des actions au travers de commissions de travail; certaines commissions travaillant tr\u00e8s \u00e9troitement avec l&#8217;OGEC:<\/p>\n<ul>\n<li><strong>Actions &amp; Co<\/strong>: mise en place d&#8217;op\u00e9rations ponctuelles permettant de participer au financement des projets et diverses activit\u00e9s p\u00e9dagogiques.<\/li>\n<li><strong>Biblioth\u00e8que:<\/strong> aide aux enseignants pour la logistique des cr\u00e9neaux biblioth\u00e8ques pour les \u00e9l\u00e8ves, entretien et renouvellement des livres<\/li>\n<li><strong>Cadre de Vie:<\/strong> enrichir le temps des enfants \u00e0 l&#8217;\u00e9cole, en s\u2019inscrivant dans une continuit\u00e9 de temps \u00e9ducatif pour les enfants<\/li>\n<li><strong>Communication:<\/strong> r\u00e9daction d&#8217;articles pour la publication &#8220;Vivre \u00e0 Haute Goulaine&#8221;, cr\u00e9ation de la Newsletter (avec l&#8217;OGEC)<\/li>\n<li><strong>F\u00eate:<\/strong> f\u00eate de Noel, f\u00eate de l&#8217;\u00e9cole. Pour les moments festifs et cr\u00e9er de bons souvenirs pour les enfants &#8230; et leur parents! (avec l&#8217;OGEC)<\/li>\n<\/ul>\n<p>L&#8217;assembl\u00e9e G\u00e9n\u00e9rale de l&#8217;APEL offre une opportunit\u00e9 \u00e0 tous les adh\u00e9rents (vous les parents!) de prendre compte des actions men\u00e9es durant l&#8217;ann\u00e9e \u00e9coul\u00e9e et de d\u00e9couvrir l&#8217;orientation des projets pour l&#8217;ann\u00e9e \u00e0 venir. A titre d&#8217;information, la pr\u00e9sentation de notre <a href=\"https:\/\/sainte-radegondehautegoulaine.fr\/?p=4551\">assembl\u00e9e g\u00e9n\u00e9rale du 10 janvier 2021 est disponible en ligne<\/a>.<\/p>\n<p>Chacun est invit\u00e9 \u00e0 assister \u00e0 l&#8217;AG, sans pour autant s&#8217;engager plus avant. Cependant si vous avez envie d&#8217;\u00e9changer avec d&#8217;autres familles, de mieux connaitre le fonctionnement de l&#8217;\u00e9cole de votre enfant et de la faire b\u00e9n\u00e9ficier&nbsp; de votre enthousiasme et d&#8217;une ou plusieurs comp\u00e9tences, n&#8217;h\u00e9sitez pas et venez nous rejoindre!<\/p>\n<p>&nbsp;<\/p>\n<p>&nbsp;<\/p>\n","protected":false},"excerpt":{"rendered":"<p>En ce d\u00e9but d&#8217;ann\u00e9e, nous avons le plaisir d&#8217;accueillir de nouvelles familles au sein de l&#8217;\u00e9tablissement. C&#8217;est une occasion pour nous de (re!)pr\u00e9senter l&#8217;APEL, l&#8217;Association de parents d&#8217;\u00e9l\u00e8ves de l&#8217;enseignement libre. L&#8217;APEL, compos\u00e9s du bureau \u00e9lu et de nombreux membres b\u00e9n\u00e9voles, s&#8217;implique au sein de l&#8217;\u00e9cole Sainte Radegonde pour faire vivre l&#8217;\u00e9tablissement, informer et repr\u00e9senter<\/p>\n<p><a href=\"https:\/\/sainte-radegondehautegoulaine.fr\/?p=4851\" class=\"more-link themebutton\">Lire la suite<\/a><\/p>\n","protected":false},"author":3,"featured_media":0,"comment_status":"closed","ping_status":"closed","sticky":false,"template":"","format":"standard","meta":{"ngg_post_thumbnail":0,"footnotes":""},"categories":[14],"tags":[],"_links":{"self":[{"href":"https:\/\/sainte-radegondehautegoulaine.fr\/index.php?rest_route=\/wp\/v2\/posts\/4851"}],"collection":[{"href":"https:\/\/sainte-radegondehautegoulaine.fr\/index.php?rest_route=\/wp\/v2\/posts"}],"about":[{"href":"https:\/\/sainte-radegondehautegoulaine.fr\/index.php?rest_route=\/wp\/v2\/types\/post"}],"author":[{"embeddable":true,"href":"https:\/\/sainte-radegondehautegoulaine.fr\/index.php?rest_route=\/wp\/v2\/users\/3"}],"replies":[{"embeddable":true,"href":"https:\/\/sainte-radegondehautegoulaine.fr\/index.php?rest_route=%2Fwp%2Fv2%2Fcomments&post=4851"}],"version-history":[{"count":3,"href":"https:\/\/sainte-radegondehautegoulaine.fr\/index.php?rest_route=\/wp\/v2\/posts\/4851\/revisions"}],"predecessor-version":[{"id":4854,"href":"https:\/\/sainte-radegondehautegoulaine.fr\/index.php?rest_route=\/wp\/v2\/posts\/4851\/revisions\/4854"}],"wp:attachment":[{"href":"https:\/\/sainte-radegondehautegoulaine.fr\/index.php?rest_route=%2Fwp%2Fv2%2Fmedia&parent=4851"}],"wp:term":[{"taxonomy":"category","embeddable":true,"href":"https:\/\/sainte-radegondehautegoulaine.fr\/index.php?rest_route=%2Fwp%2Fv2%2Fcategories&post=4851"},{"taxonomy":"post_tag","embeddable":true,"href":"https:\/\/sainte-radegondehautegoulaine.fr\/index.php?rest_route=%2Fwp%2Fv2%2Ftags&post=4851"}],"curies":[{"name":"wp","href":"https:\/\/api.w.org\/{rel}","templated":true}]}}