{"id":6128,"date":"2023-03-17T11:31:22","date_gmt":"2023-03-17T10:31:22","guid":{"rendered":"https:\/\/sainte-radegondehautegoulaine.fr\/?p=6128"},"modified":"2023-03-17T11:31:22","modified_gmt":"2023-03-17T10:31:22","slug":"arts-plastiques-le-portrait-ce1-ce2-a","status":"publish","type":"post","link":"https:\/\/sainte-radegondehautegoulaine.fr\/?p=6128","title":{"rendered":"Arts plastiques le portrait CE1\/CE2 A"},"content":{"rendered":"<p>Le portrait<\/p>\n<p>&nbsp;<\/p>\n<p>Les \u00e9l\u00e8ves de CE1\/CE2 ont travaill\u00e9 sur la notion de portrait : comment repr\u00e9senter un personnage ? Comment exprimer son caract\u00e8re, ses sentiments ? <a href=\"https:\/\/sainte-radegondehautegoulaine.fr\/wp-content\/uploads\/2023\/03\/IMG_1222-scaled.jpg\"><img loading=\"lazy\" decoding=\"async\" class=\"alignnone size-medium wp-image-6129\" src=\"https:\/\/sainte-radegondehautegoulaine.fr\/wp-content\/uploads\/2023\/03\/IMG_1222-225x300.jpg\" alt=\"\" width=\"225\" height=\"300\" srcset=\"https:\/\/sainte-radegondehautegoulaine.fr\/wp-content\/uploads\/2023\/03\/IMG_1222-225x300.jpg 225w, https:\/\/sainte-radegondehautegoulaine.fr\/wp-content\/uploads\/2023\/03\/IMG_1222-768x1024.jpg 768w, https:\/\/sainte-radegondehautegoulaine.fr\/wp-content\/uploads\/2023\/03\/IMG_1222-1152x1536.jpg 1152w, https:\/\/sainte-radegondehautegoulaine.fr\/wp-content\/uploads\/2023\/03\/IMG_1222-1536x2048.jpg 1536w, https:\/\/sainte-radegondehautegoulaine.fr\/wp-content\/uploads\/2023\/03\/IMG_1222-scaled.jpg 1920w\" sizes=\"(max-width: 225px) 100vw, 225px\" \/><\/a> <a href=\"https:\/\/sainte-radegondehautegoulaine.fr\/wp-content\/uploads\/2023\/03\/IMG_1223-scaled.jpg\"><img loading=\"lazy\" decoding=\"async\" class=\"alignnone size-medium wp-image-6130\" src=\"https:\/\/sainte-radegondehautegoulaine.fr\/wp-content\/uploads\/2023\/03\/IMG_1223-225x300.jpg\" alt=\"\" width=\"225\" height=\"300\" srcset=\"https:\/\/sainte-radegondehautegoulaine.fr\/wp-content\/uploads\/2023\/03\/IMG_1223-225x300.jpg 225w, https:\/\/sainte-radegondehautegoulaine.fr\/wp-content\/uploads\/2023\/03\/IMG_1223-768x1024.jpg 768w, https:\/\/sainte-radegondehautegoulaine.fr\/wp-content\/uploads\/2023\/03\/IMG_1223-1152x1536.jpg 1152w, https:\/\/sainte-radegondehautegoulaine.fr\/wp-content\/uploads\/2023\/03\/IMG_1223-1536x2048.jpg 1536w, https:\/\/sainte-radegondehautegoulaine.fr\/wp-content\/uploads\/2023\/03\/IMG_1223-scaled.jpg 1920w\" sizes=\"(max-width: 225px) 100vw, 225px\" \/><\/a> <a href=\"https:\/\/sainte-radegondehautegoulaine.fr\/wp-content\/uploads\/2023\/03\/IMG_1224-scaled.jpg\"><img loading=\"lazy\" decoding=\"async\" class=\"alignnone size-medium wp-image-6131\" src=\"https:\/\/sainte-radegondehautegoulaine.fr\/wp-content\/uploads\/2023\/03\/IMG_1224-225x300.jpg\" alt=\"\" width=\"225\" height=\"300\" srcset=\"https:\/\/sainte-radegondehautegoulaine.fr\/wp-content\/uploads\/2023\/03\/IMG_1224-225x300.jpg 225w, https:\/\/sainte-radegondehautegoulaine.fr\/wp-content\/uploads\/2023\/03\/IMG_1224-768x1024.jpg 768w, https:\/\/sainte-radegondehautegoulaine.fr\/wp-content\/uploads\/2023\/03\/IMG_1224-1152x1536.jpg 1152w, https:\/\/sainte-radegondehautegoulaine.fr\/wp-content\/uploads\/2023\/03\/IMG_1224-1536x2048.jpg 1536w, https:\/\/sainte-radegondehautegoulaine.fr\/wp-content\/uploads\/2023\/03\/IMG_1224-scaled.jpg 1920w\" sizes=\"(max-width: 225px) 100vw, 225px\" \/><\/a> <a href=\"https:\/\/sainte-radegondehautegoulaine.fr\/wp-content\/uploads\/2023\/03\/IMG_1225-scaled.jpg\"><img loading=\"lazy\" decoding=\"async\" class=\"alignnone size-medium wp-image-6132\" src=\"https:\/\/sainte-radegondehautegoulaine.fr\/wp-content\/uploads\/2023\/03\/IMG_1225-225x300.jpg\" alt=\"\" width=\"225\" height=\"300\" srcset=\"https:\/\/sainte-radegondehautegoulaine.fr\/wp-content\/uploads\/2023\/03\/IMG_1225-225x300.jpg 225w, https:\/\/sainte-radegondehautegoulaine.fr\/wp-content\/uploads\/2023\/03\/IMG_1225-768x1024.jpg 768w, https:\/\/sainte-radegondehautegoulaine.fr\/wp-content\/uploads\/2023\/03\/IMG_1225-1152x1536.jpg 1152w, https:\/\/sainte-radegondehautegoulaine.fr\/wp-content\/uploads\/2023\/03\/IMG_1225-1536x2048.jpg 1536w, https:\/\/sainte-radegondehautegoulaine.fr\/wp-content\/uploads\/2023\/03\/IMG_1225-scaled.jpg 1920w\" sizes=\"(max-width: 225px) 100vw, 225px\" \/><\/a><\/p>\n<p>Apr\u00e8s avoir d\u00e9couvert des portraits r\u00e9alis\u00e9s par Matisse, Courbet, Picasso et les rapports de proportion entre les diff\u00e9rentes parties du visage, les \u00e9l\u00e8ves ont r\u00e9alis\u00e9 le portrait en buste d\u2019un personnage imaginaire . Ils ont ensuite pr\u00e9sent\u00e9 leurs travaux \u00e0 la classe et rep\u00e9r\u00e9 ceux qui sont anim\u00e9s de sentiments identiques ou de sentiments oppos\u00e9s. Une s\u00e9ance d\u2019arts plastiques tr\u00e8s appr\u00e9ci\u00e9e par nos artistes en herbe qui ont prolong\u00e9 leur travail en r\u00e9alisant leur autoportrait.<\/p>\n<p>Les CE1\/CE2 A<\/p>\n","protected":false},"excerpt":{"rendered":"<p>Le portrait &nbsp; Les \u00e9l\u00e8ves de CE1\/CE2 ont travaill\u00e9 sur la notion de portrait : comment repr\u00e9senter un personnage ? Comment exprimer son caract\u00e8re, ses sentiments ? Apr\u00e8s avoir d\u00e9couvert des portraits r\u00e9alis\u00e9s par Matisse, Courbet, Picasso et les rapports de proportion entre les diff\u00e9rentes parties du visage, les \u00e9l\u00e8ves ont r\u00e9alis\u00e9 le portrait en<\/p>\n<p><a href=\"https:\/\/sainte-radegondehautegoulaine.fr\/?p=6128\" class=\"more-link themebutton\">Lire la suite<\/a><\/p>\n","protected":false},"author":2,"featured_media":0,"comment_status":"closed","ping_status":"closed","sticky":false,"template":"","format":"standard","meta":{"ngg_post_thumbnail":0,"footnotes":""},"categories":[9,1],"tags":[26],"_links":{"self":[{"href":"https:\/\/sainte-radegondehautegoulaine.fr\/index.php?rest_route=\/wp\/v2\/posts\/6128"}],"collection":[{"href":"https:\/\/sainte-radegondehautegoulaine.fr\/index.php?rest_route=\/wp\/v2\/posts"}],"about":[{"href":"https:\/\/sainte-radegondehautegoulaine.fr\/index.php?rest_route=\/wp\/v2\/types\/post"}],"author":[{"embeddable":true,"href":"https:\/\/sainte-radegondehautegoulaine.fr\/index.php?rest_route=\/wp\/v2\/users\/2"}],"replies":[{"embeddable":true,"href":"https:\/\/sainte-radegondehautegoulaine.fr\/index.php?rest_route=%2Fwp%2Fv2%2Fcomments&post=6128"}],"version-history":[{"count":1,"href":"https:\/\/sainte-radegondehautegoulaine.fr\/index.php?rest_route=\/wp\/v2\/posts\/6128\/revisions"}],"predecessor-version":[{"id":6133,"href":"https:\/\/sainte-radegondehautegoulaine.fr\/index.php?rest_route=\/wp\/v2\/posts\/6128\/revisions\/6133"}],"wp:attachment":[{"href":"https:\/\/sainte-radegondehautegoulaine.fr\/index.php?rest_route=%2Fwp%2Fv2%2Fmedia&parent=6128"}],"wp:term":[{"taxonomy":"category","embeddable":true,"href":"https:\/\/sainte-radegondehautegoulaine.fr\/index.php?rest_route=%2Fwp%2Fv2%2Fcategories&post=6128"},{"taxonomy":"post_tag","embeddable":true,"href":"https:\/\/sainte-radegondehautegoulaine.fr\/index.php?rest_route=%2Fwp%2Fv2%2Ftags&post=6128"}],"curies":[{"name":"wp","href":"https:\/\/api.w.org\/{rel}","templated":true}]}}