{"id":6137,"date":"2023-03-30T11:16:53","date_gmt":"2023-03-30T10:16:53","guid":{"rendered":"https:\/\/sainte-radegondehautegoulaine.fr\/?p=6137"},"modified":"2023-03-30T11:16:53","modified_gmt":"2023-03-30T10:16:53","slug":"ecole-du-dehors","status":"publish","type":"post","link":"https:\/\/sainte-radegondehautegoulaine.fr\/?p=6137","title":{"rendered":"Ecole du dehors"},"content":{"rendered":"<p>Notre premi\u00e8re classe dehors<\/p>\n<p>Lors de nos journ\u00e9es p\u00e9dagogiques de janvier, 3 enseignantes de l\u2019\u00e9cole ont choisi de se former&nbsp;&nbsp;&nbsp;&nbsp;&nbsp;&nbsp;&nbsp;&nbsp; \u00e0 \u00ab l\u2019\u00e9cole du dehors \u00bb. Les enfants sont de moins en moins en contact avec la nature, pourtant il s&#8217;agit d&#8217;un enjeu \u00e9ducatif important. Aussi des sorties r\u00e9guli\u00e8res seront organis\u00e9es pour faire classe en ext\u00e9rieur au petit bois de la Croix des tailles.<\/p>\n<p>1<sup>\u00e8re<\/sup> classe du dehors&nbsp;: mardi 22 mars et jeudi 23 mars<\/p>\n<p><strong>GRANDE SECTION, CP\/CE1&nbsp;<\/strong><\/p>\n<p>Mardi 23 mars<\/p>\n<p>Nous avons quitt\u00e9 l\u2019\u00e9cole en d\u00e9but d\u2019apr\u00e8s-midi puis nous sommes rendus dans notre classe du dehors.<\/p>\n<p>Explorations et activit\u00e9s au programme !<\/p>\n<p><strong>Les enfants ont trouv\u00e9 que c\u2019\u00e9tait \u00ab&nbsp;trop bien&nbsp;\u00bb de faire la classe dehors&nbsp;!<\/strong><\/p>\n<p>Jeudi 23 mars<\/p>\n<p><a href=\"https:\/\/sainte-radegondehautegoulaine.fr\/wp-content\/uploads\/2023\/03\/334908811_932098964580172_2873546361006118718_n.jpg\"><img loading=\"lazy\" decoding=\"async\" class=\"alignnone size-medium wp-image-6138\" src=\"https:\/\/sainte-radegondehautegoulaine.fr\/wp-content\/uploads\/2023\/03\/334908811_932098964580172_2873546361006118718_n-225x300.jpg\" alt=\"\" width=\"225\" height=\"300\" srcset=\"https:\/\/sainte-radegondehautegoulaine.fr\/wp-content\/uploads\/2023\/03\/334908811_932098964580172_2873546361006118718_n-225x300.jpg 225w, https:\/\/sainte-radegondehautegoulaine.fr\/wp-content\/uploads\/2023\/03\/334908811_932098964580172_2873546361006118718_n-769x1024.jpg 769w, https:\/\/sainte-radegondehautegoulaine.fr\/wp-content\/uploads\/2023\/03\/334908811_932098964580172_2873546361006118718_n-768x1023.jpg 768w, https:\/\/sainte-radegondehautegoulaine.fr\/wp-content\/uploads\/2023\/03\/334908811_932098964580172_2873546361006118718_n-1153x1536.jpg 1153w, https:\/\/sainte-radegondehautegoulaine.fr\/wp-content\/uploads\/2023\/03\/334908811_932098964580172_2873546361006118718_n.jpg 1302w\" sizes=\"(max-width: 225px) 100vw, 225px\" \/><\/a> <a href=\"https:\/\/sainte-radegondehautegoulaine.fr\/wp-content\/uploads\/2023\/03\/334910885_5815059135287150_5863901975192014833_n.jpg\"><img loading=\"lazy\" decoding=\"async\" class=\"alignnone size-medium wp-image-6139\" src=\"https:\/\/sainte-radegondehautegoulaine.fr\/wp-content\/uploads\/2023\/03\/334910885_5815059135287150_5863901975192014833_n-300x225.jpg\" alt=\"\" width=\"300\" height=\"225\" srcset=\"https:\/\/sainte-radegondehautegoulaine.fr\/wp-content\/uploads\/2023\/03\/334910885_5815059135287150_5863901975192014833_n-300x225.jpg 300w, https:\/\/sainte-radegondehautegoulaine.fr\/wp-content\/uploads\/2023\/03\/334910885_5815059135287150_5863901975192014833_n-1024x769.jpg 1024w, https:\/\/sainte-radegondehautegoulaine.fr\/wp-content\/uploads\/2023\/03\/334910885_5815059135287150_5863901975192014833_n-768x577.jpg 768w, https:\/\/sainte-radegondehautegoulaine.fr\/wp-content\/uploads\/2023\/03\/334910885_5815059135287150_5863901975192014833_n-1536x1153.jpg 1536w, https:\/\/sainte-radegondehautegoulaine.fr\/wp-content\/uploads\/2023\/03\/334910885_5815059135287150_5863901975192014833_n.jpg 1734w\" sizes=\"(max-width: 300px) 100vw, 300px\" \/><\/a> <a href=\"https:\/\/sainte-radegondehautegoulaine.fr\/wp-content\/uploads\/2023\/03\/337012204_176251678542155_69683562333428572_n.jpg\"><img loading=\"lazy\" decoding=\"async\" class=\"alignnone size-medium wp-image-6140\" src=\"https:\/\/sainte-radegondehautegoulaine.fr\/wp-content\/uploads\/2023\/03\/337012204_176251678542155_69683562333428572_n-225x300.jpg\" alt=\"\" width=\"225\" height=\"300\" srcset=\"https:\/\/sainte-radegondehautegoulaine.fr\/wp-content\/uploads\/2023\/03\/337012204_176251678542155_69683562333428572_n-225x300.jpg 225w, https:\/\/sainte-radegondehautegoulaine.fr\/wp-content\/uploads\/2023\/03\/337012204_176251678542155_69683562333428572_n-769x1024.jpg 769w, https:\/\/sainte-radegondehautegoulaine.fr\/wp-content\/uploads\/2023\/03\/337012204_176251678542155_69683562333428572_n-768x1023.jpg 768w, https:\/\/sainte-radegondehautegoulaine.fr\/wp-content\/uploads\/2023\/03\/337012204_176251678542155_69683562333428572_n-1153x1536.jpg 1153w, https:\/\/sainte-radegondehautegoulaine.fr\/wp-content\/uploads\/2023\/03\/337012204_176251678542155_69683562333428572_n.jpg 1302w\" sizes=\"(max-width: 225px) 100vw, 225px\" \/>L<\/a>es cm1 et cm2 sont all\u00e9s faire la classe dehors. Ils ont ainsi pu profiter du petit bois situ\u00e9 pr\u00e8s des salles de la Croix des Tailles. Au programme, cr\u00e9ation d&#8217;une horloge version nature feuille pour le contour, branches pour l&#8217;aiguille de l&#8217;heure et des minutes et cailloux pour indiquer les chiffres. Les \u00e9l\u00e8ves ont pu ainsi d\u00e9couvrir une autre mani\u00e8re d&#8217;aborder les dur\u00e9es. Ensuite, par \u00e9quipe, ils ont invent\u00e9 un jeu libre et ont ainsi grimper courir se cacher derri\u00e8re les buissons.&nbsp; Tous \u00e9taient ravis de faire l&#8217;\u00e9cole dehors, une premi\u00e8re exp\u00e9rience que l&#8217;on renouvellera bient\u00f4t.<\/p>\n","protected":false},"excerpt":{"rendered":"<p>Notre premi\u00e8re classe dehors Lors de nos journ\u00e9es p\u00e9dagogiques de janvier, 3 enseignantes de l\u2019\u00e9cole ont choisi de se former&nbsp;&nbsp;&nbsp;&nbsp;&nbsp;&nbsp;&nbsp;&nbsp; \u00e0 \u00ab l\u2019\u00e9cole du dehors \u00bb. Les enfants sont de moins en moins en contact avec la nature, pourtant il s&#8217;agit d&#8217;un enjeu \u00e9ducatif important. Aussi des sorties r\u00e9guli\u00e8res seront organis\u00e9es pour faire classe en<\/p>\n<p><a href=\"https:\/\/sainte-radegondehautegoulaine.fr\/?p=6137\" class=\"more-link themebutton\">Lire la suite<\/a><\/p>\n","protected":false},"author":2,"featured_media":0,"comment_status":"closed","ping_status":"closed","sticky":false,"template":"","format":"standard","meta":{"ngg_post_thumbnail":0,"footnotes":""},"categories":[6,1],"tags":[],"_links":{"self":[{"href":"https:\/\/sainte-radegondehautegoulaine.fr\/index.php?rest_route=\/wp\/v2\/posts\/6137"}],"collection":[{"href":"https:\/\/sainte-radegondehautegoulaine.fr\/index.php?rest_route=\/wp\/v2\/posts"}],"about":[{"href":"https:\/\/sainte-radegondehautegoulaine.fr\/index.php?rest_route=\/wp\/v2\/types\/post"}],"author":[{"embeddable":true,"href":"https:\/\/sainte-radegondehautegoulaine.fr\/index.php?rest_route=\/wp\/v2\/users\/2"}],"replies":[{"embeddable":true,"href":"https:\/\/sainte-radegondehautegoulaine.fr\/index.php?rest_route=%2Fwp%2Fv2%2Fcomments&post=6137"}],"version-history":[{"count":1,"href":"https:\/\/sainte-radegondehautegoulaine.fr\/index.php?rest_route=\/wp\/v2\/posts\/6137\/revisions"}],"predecessor-version":[{"id":6141,"href":"https:\/\/sainte-radegondehautegoulaine.fr\/index.php?rest_route=\/wp\/v2\/posts\/6137\/revisions\/6141"}],"wp:attachment":[{"href":"https:\/\/sainte-radegondehautegoulaine.fr\/index.php?rest_route=%2Fwp%2Fv2%2Fmedia&parent=6137"}],"wp:term":[{"taxonomy":"category","embeddable":true,"href":"https:\/\/sainte-radegondehautegoulaine.fr\/index.php?rest_route=%2Fwp%2Fv2%2Fcategories&post=6137"},{"taxonomy":"post_tag","embeddable":true,"href":"https:\/\/sainte-radegondehautegoulaine.fr\/index.php?rest_route=%2Fwp%2Fv2%2Ftags&post=6137"}],"curies":[{"name":"wp","href":"https:\/\/api.w.org\/{rel}","templated":true}]}}