{"id":6262,"date":"2023-07-02T09:12:41","date_gmt":"2023-07-02T08:12:41","guid":{"rendered":"https:\/\/sainte-radegondehautegoulaine.fr\/?p=6262"},"modified":"2024-01-12T16:18:57","modified_gmt":"2024-01-12T15:18:57","slug":"sortie-puy-du-fou","status":"publish","type":"post","link":"https:\/\/sainte-radegondehautegoulaine.fr\/?p=6262","title":{"rendered":"Sortie Puy du Fou"},"content":{"rendered":"<p>Mardi 27 juin, les \u00e9l\u00e8ves de CM1-CM2 B sont partis au parc du Puy du Fou pour leur sortie de fin d&#8217;ann\u00e9e (accompagn\u00e9s des classes de CE1-CE2 A et B, CE2-CM1 et CM1-CM2 A).<br \/>\nNous avons assit\u00e9 \u00e0 5 spectacles :<br \/>\n&#8211; Le Bal des Oiseaux Fant\u00f4mes<br \/>\n&#8211; Les Mousquetaires<br \/>\n&#8211; Le Secret de la Lance<br \/>\n&#8211; Les Chevaliers de la Table Ronde<br \/>\n&#8211; Le Signe du triomphe.<\/p>\n<p>Ce fut une super journ\u00e9e, sous le soleil, \u00e9prouvante mais les enfants \u00e9taient \u00e9merveill\u00e9s !<br \/>\nNous avons pique-niqu\u00e9 avec les 4 autres classes \ud83d\ude42<br \/>\nMerci aux parents qui nous ont accompagn\u00e9s !<\/p>\n<p><a href=\"https:\/\/sainte-radegondehautegoulaine.fr\/wp-content\/uploads\/2023\/07\/20230627_174331-1-scaled.jpg\"><img loading=\"lazy\" decoding=\"async\" class=\"alignleft size-full wp-image-6267\" src=\"https:\/\/sainte-radegondehautegoulaine.fr\/wp-content\/uploads\/2023\/07\/20230627_174331-1-scaled.jpg\" alt=\"\" width=\"2560\" height=\"1920\" srcset=\"https:\/\/sainte-radegondehautegoulaine.fr\/wp-content\/uploads\/2023\/07\/20230627_174331-1-scaled.jpg 2560w, https:\/\/sainte-radegondehautegoulaine.fr\/wp-content\/uploads\/2023\/07\/20230627_174331-1-300x225.jpg 300w, https:\/\/sainte-radegondehautegoulaine.fr\/wp-content\/uploads\/2023\/07\/20230627_174331-1-1024x768.jpg 1024w, https:\/\/sainte-radegondehautegoulaine.fr\/wp-content\/uploads\/2023\/07\/20230627_174331-1-768x576.jpg 768w, https:\/\/sainte-radegondehautegoulaine.fr\/wp-content\/uploads\/2023\/07\/20230627_174331-1-1536x1152.jpg 1536w, https:\/\/sainte-radegondehautegoulaine.fr\/wp-content\/uploads\/2023\/07\/20230627_174331-1-2048x1536.jpg 2048w\" sizes=\"(max-width: 2560px) 100vw, 2560px\" \/><\/a><\/p>\n<p><a href=\"https:\/\/sainte-radegondehautegoulaine.fr\/wp-content\/uploads\/2023\/07\/20230627_132110-1-scaled.jpg\"><img loading=\"lazy\" decoding=\"async\" class=\"alignleft size-full wp-image-6268\" src=\"https:\/\/sainte-radegondehautegoulaine.fr\/wp-content\/uploads\/2023\/07\/20230627_132110-1-scaled.jpg\" alt=\"\" width=\"2560\" height=\"1920\" srcset=\"https:\/\/sainte-radegondehautegoulaine.fr\/wp-content\/uploads\/2023\/07\/20230627_132110-1-scaled.jpg 2560w, https:\/\/sainte-radegondehautegoulaine.fr\/wp-content\/uploads\/2023\/07\/20230627_132110-1-300x225.jpg 300w, https:\/\/sainte-radegondehautegoulaine.fr\/wp-content\/uploads\/2023\/07\/20230627_132110-1-1024x768.jpg 1024w, https:\/\/sainte-radegondehautegoulaine.fr\/wp-content\/uploads\/2023\/07\/20230627_132110-1-768x576.jpg 768w, https:\/\/sainte-radegondehautegoulaine.fr\/wp-content\/uploads\/2023\/07\/20230627_132110-1-1536x1152.jpg 1536w, https:\/\/sainte-radegondehautegoulaine.fr\/wp-content\/uploads\/2023\/07\/20230627_132110-1-2048x1536.jpg 2048w\" sizes=\"(max-width: 2560px) 100vw, 2560px\" \/><\/a><\/p>\n","protected":false},"excerpt":{"rendered":"<p>Mardi 27 juin, les \u00e9l\u00e8ves de CM1-CM2 B sont partis au parc du Puy du Fou pour leur sortie de fin d&#8217;ann\u00e9e (accompagn\u00e9s des classes de CE1-CE2 A et B, CE2-CM1 et CM1-CM2 A). Nous avons assit\u00e9 \u00e0 5 spectacles : &#8211; Le Bal des Oiseaux Fant\u00f4mes &#8211; Les Mousquetaires &#8211; Le Secret de la<\/p>\n<p><a href=\"https:\/\/sainte-radegondehautegoulaine.fr\/?p=6262\" class=\"more-link themebutton\">Lire la suite<\/a><\/p>\n","protected":false},"author":12,"featured_media":0,"comment_status":"closed","ping_status":"closed","sticky":false,"template":"","format":"standard","meta":{"ngg_post_thumbnail":0,"footnotes":""},"categories":[10,11,13,1],"tags":[],"_links":{"self":[{"href":"https:\/\/sainte-radegondehautegoulaine.fr\/index.php?rest_route=\/wp\/v2\/posts\/6262"}],"collection":[{"href":"https:\/\/sainte-radegondehautegoulaine.fr\/index.php?rest_route=\/wp\/v2\/posts"}],"about":[{"href":"https:\/\/sainte-radegondehautegoulaine.fr\/index.php?rest_route=\/wp\/v2\/types\/post"}],"author":[{"embeddable":true,"href":"https:\/\/sainte-radegondehautegoulaine.fr\/index.php?rest_route=\/wp\/v2\/users\/12"}],"replies":[{"embeddable":true,"href":"https:\/\/sainte-radegondehautegoulaine.fr\/index.php?rest_route=%2Fwp%2Fv2%2Fcomments&post=6262"}],"version-history":[{"count":2,"href":"https:\/\/sainte-radegondehautegoulaine.fr\/index.php?rest_route=\/wp\/v2\/posts\/6262\/revisions"}],"predecessor-version":[{"id":6507,"href":"https:\/\/sainte-radegondehautegoulaine.fr\/index.php?rest_route=\/wp\/v2\/posts\/6262\/revisions\/6507"}],"wp:attachment":[{"href":"https:\/\/sainte-radegondehautegoulaine.fr\/index.php?rest_route=%2Fwp%2Fv2%2Fmedia&parent=6262"}],"wp:term":[{"taxonomy":"category","embeddable":true,"href":"https:\/\/sainte-radegondehautegoulaine.fr\/index.php?rest_route=%2Fwp%2Fv2%2Fcategories&post=6262"},{"taxonomy":"post_tag","embeddable":true,"href":"https:\/\/sainte-radegondehautegoulaine.fr\/index.php?rest_route=%2Fwp%2Fv2%2Ftags&post=6262"}],"curies":[{"name":"wp","href":"https:\/\/api.w.org\/{rel}","templated":true}]}}