{"id":7211,"date":"2025-02-02T11:37:15","date_gmt":"2025-02-02T10:37:15","guid":{"rendered":"https:\/\/sainte-radegondehautegoulaine.fr\/?p=7211"},"modified":"2025-02-02T11:37:15","modified_gmt":"2025-02-02T10:37:15","slug":"la-bande-dessinee-ce2-cm1-2eme-partie","status":"publish","type":"post","link":"https:\/\/sainte-radegondehautegoulaine.fr\/?p=7211","title":{"rendered":"La bande dessin\u00e9e  CE2- CM1  ( 2\u00e8me partie)"},"content":{"rendered":"<p>Les CE2-CM1 sont retourn\u00e9s \u00e0 la biblioth\u00e8que municipale le jeudi 30 janvier.<\/p>\n<p>L\u00e0 , ils ont pu r\u00e9aliser gr\u00e2ce \u00e0 un logiciel gratuit :BDNF&nbsp; une planche de bande dessin\u00e9e. Sur celle- ci, ils ont int\u00e9gr\u00e9 toutes les nouvelles notions apprises lors de la s\u00e9ance pr\u00e9c\u00e9dente. Chaque planche a ainsi \u00e9t\u00e9 travaill\u00e9e par groupe de 2 \u00e0 3 \u00e9l\u00e8ves en s&#8217;aidant d&#8217;une tablette.&nbsp;<\/p>\n<p>Chaque planche termin\u00e9e sera remise avant les vacances de f\u00e9vrier aux \u00e9l\u00e8ves participants.&nbsp; Un grand merci \u00e0 Aurore pour tout ce qu&#8217;elle a apport\u00e9 aux \u00e9l\u00e8ves. La bande dessin\u00e9e n&#8217;a pratiquement plus de secrets pour eux.&nbsp;<\/p>\n<p>Devant l&#8217;enthousiasme et l&#8217;envie des \u00e9l\u00e8ves d&#8217;aller un peu plus loin , un rallye bande dessin\u00e9e sera ensuite r\u00e9alis\u00e9 dans la classe apr\u00e8s les vacances . La classe va aussi participer au prix BD propos\u00e9 par la biblioth\u00e8que municipale et ouvert aux enfants entre 8 ans et 12 ans de la commune.&nbsp;&nbsp;<\/p>\n","protected":false},"excerpt":{"rendered":"<p>Les CE2-CM1 sont retourn\u00e9s \u00e0 la biblioth\u00e8que municipale le jeudi 30 janvier. L\u00e0 , ils ont pu r\u00e9aliser gr\u00e2ce \u00e0 un logiciel gratuit :BDNF&nbsp; une planche de bande dessin\u00e9e. Sur celle- ci, ils ont int\u00e9gr\u00e9 toutes les nouvelles notions apprises lors de la s\u00e9ance pr\u00e9c\u00e9dente. Chaque planche a ainsi \u00e9t\u00e9 travaill\u00e9e par groupe de 2<\/p>\n<p><a href=\"https:\/\/sainte-radegondehautegoulaine.fr\/?p=7211\" class=\"more-link themebutton\">Lire la suite<\/a><\/p>\n","protected":false},"author":2,"featured_media":0,"comment_status":"closed","ping_status":"closed","sticky":false,"template":"","format":"standard","meta":{"ngg_post_thumbnail":0,"footnotes":""},"categories":[10,11],"tags":[],"_links":{"self":[{"href":"https:\/\/sainte-radegondehautegoulaine.fr\/index.php?rest_route=\/wp\/v2\/posts\/7211"}],"collection":[{"href":"https:\/\/sainte-radegondehautegoulaine.fr\/index.php?rest_route=\/wp\/v2\/posts"}],"about":[{"href":"https:\/\/sainte-radegondehautegoulaine.fr\/index.php?rest_route=\/wp\/v2\/types\/post"}],"author":[{"embeddable":true,"href":"https:\/\/sainte-radegondehautegoulaine.fr\/index.php?rest_route=\/wp\/v2\/users\/2"}],"replies":[{"embeddable":true,"href":"https:\/\/sainte-radegondehautegoulaine.fr\/index.php?rest_route=%2Fwp%2Fv2%2Fcomments&post=7211"}],"version-history":[{"count":1,"href":"https:\/\/sainte-radegondehautegoulaine.fr\/index.php?rest_route=\/wp\/v2\/posts\/7211\/revisions"}],"predecessor-version":[{"id":7212,"href":"https:\/\/sainte-radegondehautegoulaine.fr\/index.php?rest_route=\/wp\/v2\/posts\/7211\/revisions\/7212"}],"wp:attachment":[{"href":"https:\/\/sainte-radegondehautegoulaine.fr\/index.php?rest_route=%2Fwp%2Fv2%2Fmedia&parent=7211"}],"wp:term":[{"taxonomy":"category","embeddable":true,"href":"https:\/\/sainte-radegondehautegoulaine.fr\/index.php?rest_route=%2Fwp%2Fv2%2Fcategories&post=7211"},{"taxonomy":"post_tag","embeddable":true,"href":"https:\/\/sainte-radegondehautegoulaine.fr\/index.php?rest_route=%2Fwp%2Fv2%2Ftags&post=7211"}],"curies":[{"name":"wp","href":"https:\/\/api.w.org\/{rel}","templated":true}]}}