{"id":7415,"date":"2025-04-18T10:25:37","date_gmt":"2025-04-18T09:25:37","guid":{"rendered":"https:\/\/sainte-radegondehautegoulaine.fr\/?p=7415"},"modified":"2025-04-18T10:25:37","modified_gmt":"2025-04-18T09:25:37","slug":"ateliers-interculturalisme-en-cm1-cm2-b","status":"publish","type":"post","link":"https:\/\/sainte-radegondehautegoulaine.fr\/?p=7415","title":{"rendered":"Ateliers interculturalisme en CM1-CM2 B"},"content":{"rendered":"<p>Le vendredi 28 mars, deux mamans de la classe sont intervenues pour pr\u00e9senter des \u00e9l\u00e9ments de leur culture :&nbsp;<\/p>\n<ul>\n<li>Mme Oba a men\u00e9 une r\u00e9flexion sur le sens du multiculturalisme au sein d&#8217;une famille ;<\/li>\n<li>Mme Piscart a organis\u00e9 une session cuisine pour apprendre \u00e0 faire des tortillas.<\/li>\n<\/ul>\n<p>De quoi nourrir le corps et l&#8217;esprit !&nbsp;<\/p>\n<p>Un grand merci \u00e0 elles !!<\/p>\n","protected":false},"excerpt":{"rendered":"<p>Le vendredi 28 mars, deux mamans de la classe sont intervenues pour pr\u00e9senter des \u00e9l\u00e9ments de leur culture :&nbsp; Mme Oba a men\u00e9 une r\u00e9flexion sur le sens du multiculturalisme au sein d&#8217;une famille ; Mme Piscart a organis\u00e9 une session cuisine pour apprendre \u00e0 faire des tortillas. De quoi nourrir le corps et l&#8217;esprit<\/p>\n<p><a href=\"https:\/\/sainte-radegondehautegoulaine.fr\/?p=7415\" class=\"more-link themebutton\">Lire la suite<\/a><\/p>\n","protected":false},"author":2,"featured_media":7416,"comment_status":"closed","ping_status":"closed","sticky":false,"template":"","format":"standard","meta":{"ngg_post_thumbnail":0,"footnotes":""},"categories":[11,13],"tags":[],"_links":{"self":[{"href":"https:\/\/sainte-radegondehautegoulaine.fr\/index.php?rest_route=\/wp\/v2\/posts\/7415"}],"collection":[{"href":"https:\/\/sainte-radegondehautegoulaine.fr\/index.php?rest_route=\/wp\/v2\/posts"}],"about":[{"href":"https:\/\/sainte-radegondehautegoulaine.fr\/index.php?rest_route=\/wp\/v2\/types\/post"}],"author":[{"embeddable":true,"href":"https:\/\/sainte-radegondehautegoulaine.fr\/index.php?rest_route=\/wp\/v2\/users\/2"}],"replies":[{"embeddable":true,"href":"https:\/\/sainte-radegondehautegoulaine.fr\/index.php?rest_route=%2Fwp%2Fv2%2Fcomments&post=7415"}],"version-history":[{"count":1,"href":"https:\/\/sainte-radegondehautegoulaine.fr\/index.php?rest_route=\/wp\/v2\/posts\/7415\/revisions"}],"predecessor-version":[{"id":7417,"href":"https:\/\/sainte-radegondehautegoulaine.fr\/index.php?rest_route=\/wp\/v2\/posts\/7415\/revisions\/7417"}],"wp:featuredmedia":[{"embeddable":true,"href":"https:\/\/sainte-radegondehautegoulaine.fr\/index.php?rest_route=\/wp\/v2\/media\/7416"}],"wp:attachment":[{"href":"https:\/\/sainte-radegondehautegoulaine.fr\/index.php?rest_route=%2Fwp%2Fv2%2Fmedia&parent=7415"}],"wp:term":[{"taxonomy":"category","embeddable":true,"href":"https:\/\/sainte-radegondehautegoulaine.fr\/index.php?rest_route=%2Fwp%2Fv2%2Fcategories&post=7415"},{"taxonomy":"post_tag","embeddable":true,"href":"https:\/\/sainte-radegondehautegoulaine.fr\/index.php?rest_route=%2Fwp%2Fv2%2Ftags&post=7415"}],"curies":[{"name":"wp","href":"https:\/\/api.w.org\/{rel}","templated":true}]}}