{"id":7419,"date":"2025-04-29T16:29:46","date_gmt":"2025-04-29T15:29:46","guid":{"rendered":"https:\/\/sainte-radegondehautegoulaine.fr\/?p=7419"},"modified":"2025-07-02T13:10:25","modified_gmt":"2025-07-02T12:10:25","slug":"fete-des-100-jours-pour-les-cp-et-cp-ce1","status":"publish","type":"post","link":"https:\/\/sainte-radegondehautegoulaine.fr\/?p=7419","title":{"rendered":"F\u00eate des 100 jours pour les CP et CP\/CE1 !"},"content":{"rendered":"<p>Le vendredi 4 avril, les \u00e9l\u00e8ves de CP et CP\/CE1 ont f\u00eat\u00e9 les 100 jours d&#8217;\u00e9cole !&nbsp;<\/p>\n<p>Ils ont relev\u00e9 des d\u00e9fis autour du nombre 100 toute la journ\u00e9e ! Ils devaient \u00e9galement pr\u00e9parer \u00e0 la maison une production avec 100 objets, en lien avec le projet d&#8217;ann\u00e9e sur le tour du monde.&nbsp;<\/p>\n<p>Les enfants \u00e9taient ravis de cette journ\u00e9e festive !&nbsp;<a href=\"https:\/\/sainte-radegondehautegoulaine.fr\/wp-content\/uploads\/2025\/04\/IMG_7633.heic\"><img loading=\"lazy\" decoding=\"async\" class=\"wp-image-7420 alignleft\" src=\"https:\/\/sainte-radegondehautegoulaine.fr\/wp-content\/uploads\/2025\/04\/IMG_7633.heic\" alt=\"\" width=\"201\" height=\"151\"><\/a> <a href=\"https:\/\/sainte-radegondehautegoulaine.fr\/wp-content\/uploads\/2025\/04\/IMG_7644.heic\"><img loading=\"lazy\" decoding=\"async\" class=\"aligncenter size-medium wp-image-7421\" src=\"https:\/\/sainte-radegondehautegoulaine.fr\/wp-content\/uploads\/2025\/04\/IMG_7644.heic\" alt=\"\" width=\"1\" height=\"1\"><\/a> <a href=\"https:\/\/sainte-radegondehautegoulaine.fr\/wp-content\/uploads\/2025\/04\/IMG_7646.heic\"><img loading=\"lazy\" decoding=\"async\" class=\"aligncenter size-medium wp-image-7422\" src=\"https:\/\/sainte-radegondehautegoulaine.fr\/wp-content\/uploads\/2025\/04\/IMG_7646.heic\" alt=\"\" width=\"1\" height=\"1\"><\/a> <a href=\"https:\/\/sainte-radegondehautegoulaine.fr\/wp-content\/uploads\/2025\/04\/IMG_7650.heic\"><img loading=\"lazy\" decoding=\"async\" class=\"aligncenter size-medium wp-image-7423\" src=\"https:\/\/sainte-radegondehautegoulaine.fr\/wp-content\/uploads\/2025\/04\/IMG_7650.heic\" alt=\"\" width=\"1\" height=\"1\"><\/a><a href=\"https:\/\/sainte-radegondehautegoulaine.fr\/wp-content\/uploads\/2025\/04\/IMG_7646.heic\"><img decoding=\"async\" class=\"aligncenter size-full wp-image-7422\" src=\"https:\/\/sainte-radegondehautegoulaine.fr\/wp-content\/uploads\/2025\/04\/IMG_7646.heic\" alt=\"\"><\/a><a href=\"https:\/\/sainte-radegondehautegoulaine.fr\/wp-content\/uploads\/2025\/04\/IMG_7650.heic\"><img decoding=\"async\" class=\"aligncenter size-full wp-image-7423\" src=\"https:\/\/sainte-radegondehautegoulaine.fr\/wp-content\/uploads\/2025\/04\/IMG_7650.heic\" alt=\"\"><\/a><a href=\"https:\/\/sainte-radegondehautegoulaine.fr\/wp-content\/uploads\/2025\/04\/IMG_7652.heic\"><img decoding=\"async\" class=\"aligncenter size-full wp-image-7424\" src=\"https:\/\/sainte-radegondehautegoulaine.fr\/wp-content\/uploads\/2025\/04\/IMG_7652.heic\" alt=\"\"><\/a><a href=\"https:\/\/sainte-radegondehautegoulaine.fr\/wp-content\/uploads\/2025\/04\/IMG_7653.heic\"><img decoding=\"async\" class=\"aligncenter size-full wp-image-7425\" src=\"https:\/\/sainte-radegondehautegoulaine.fr\/wp-content\/uploads\/2025\/04\/IMG_7653.heic\" alt=\"\"><\/a><\/p>\n","protected":false},"excerpt":{"rendered":"<p>Le vendredi 4 avril, les \u00e9l\u00e8ves de CP et CP\/CE1 ont f\u00eat\u00e9 les 100 jours d&#8217;\u00e9cole !&nbsp; Ils ont relev\u00e9 des d\u00e9fis autour du nombre 100 toute la journ\u00e9e ! Ils devaient \u00e9galement pr\u00e9parer \u00e0 la maison une production avec 100 objets, en lien avec le projet d&#8217;ann\u00e9e sur le tour du monde.&nbsp; Les enfants<\/p>\n<p><a href=\"https:\/\/sainte-radegondehautegoulaine.fr\/?p=7419\" class=\"more-link themebutton\">Lire la suite<\/a><\/p>\n","protected":false},"author":2,"featured_media":7424,"comment_status":"closed","ping_status":"closed","sticky":false,"template":"","format":"standard","meta":{"ngg_post_thumbnail":0,"footnotes":""},"categories":[9,7],"tags":[],"_links":{"self":[{"href":"https:\/\/sainte-radegondehautegoulaine.fr\/index.php?rest_route=\/wp\/v2\/posts\/7419"}],"collection":[{"href":"https:\/\/sainte-radegondehautegoulaine.fr\/index.php?rest_route=\/wp\/v2\/posts"}],"about":[{"href":"https:\/\/sainte-radegondehautegoulaine.fr\/index.php?rest_route=\/wp\/v2\/types\/post"}],"author":[{"embeddable":true,"href":"https:\/\/sainte-radegondehautegoulaine.fr\/index.php?rest_route=\/wp\/v2\/users\/2"}],"replies":[{"embeddable":true,"href":"https:\/\/sainte-radegondehautegoulaine.fr\/index.php?rest_route=%2Fwp%2Fv2%2Fcomments&post=7419"}],"version-history":[{"count":1,"href":"https:\/\/sainte-radegondehautegoulaine.fr\/index.php?rest_route=\/wp\/v2\/posts\/7419\/revisions"}],"predecessor-version":[{"id":7426,"href":"https:\/\/sainte-radegondehautegoulaine.fr\/index.php?rest_route=\/wp\/v2\/posts\/7419\/revisions\/7426"}],"wp:featuredmedia":[{"embeddable":true,"href":"https:\/\/sainte-radegondehautegoulaine.fr\/index.php?rest_route=\/wp\/v2\/media\/7424"}],"wp:attachment":[{"href":"https:\/\/sainte-radegondehautegoulaine.fr\/index.php?rest_route=%2Fwp%2Fv2%2Fmedia&parent=7419"}],"wp:term":[{"taxonomy":"category","embeddable":true,"href":"https:\/\/sainte-radegondehautegoulaine.fr\/index.php?rest_route=%2Fwp%2Fv2%2Fcategories&post=7419"},{"taxonomy":"post_tag","embeddable":true,"href":"https:\/\/sainte-radegondehautegoulaine.fr\/index.php?rest_route=%2Fwp%2Fv2%2Ftags&post=7419"}],"curies":[{"name":"wp","href":"https:\/\/api.w.org\/{rel}","templated":true}]}}