{"id":7431,"date":"2025-05-09T09:12:42","date_gmt":"2025-05-09T08:12:42","guid":{"rendered":"https:\/\/sainte-radegondehautegoulaine.fr\/?p=7431"},"modified":"2025-07-02T13:08:56","modified_gmt":"2025-07-02T12:08:56","slug":"decouverte-du-cameroun-pour-les-cp-et-ce2","status":"publish","type":"post","link":"https:\/\/sainte-radegondehautegoulaine.fr\/?p=7431","title":{"rendered":"D\u00e9couverte du Cameroun pour les CP et CE2"},"content":{"rendered":"<p>Le 1er Avril, les grands-parents de L\u00e9o et Nathan ont profit\u00e9 de leurs vacances en France pour venir nous parler du Cameroun, pays o\u00f9 ils vivent actuellement.<\/p>\n<p>A travers un diaporama, des anecdotes, des pr\u00e9sentations de feuillages et tissus, d&#8217;une d\u00e9gustation culinaire, les enfants se sont vite trouv\u00e9s plong\u00e9s dans ce pays du continent africain. Avec enthousiasme, ils ont particip\u00e9 \u00e0 un petit jeu chant\u00e9 &#8221; Ebangando&#8221; qui a cl\u00f4tur\u00e9 ce temps fort.&nbsp;<\/p>\n<p><a href=\"https:\/\/sainte-radegondehautegoulaine.fr\/wp-content\/uploads\/2025\/05\/IMG_3036-scaled.jpg\"><img loading=\"lazy\" decoding=\"async\" class=\" wp-image-7432 alignleft\" src=\"https:\/\/sainte-radegondehautegoulaine.fr\/wp-content\/uploads\/2025\/05\/IMG_3036-300x225.jpg\" alt=\"\" width=\"268\" height=\"201\" srcset=\"https:\/\/sainte-radegondehautegoulaine.fr\/wp-content\/uploads\/2025\/05\/IMG_3036-300x225.jpg 300w, https:\/\/sainte-radegondehautegoulaine.fr\/wp-content\/uploads\/2025\/05\/IMG_3036-1024x768.jpg 1024w, https:\/\/sainte-radegondehautegoulaine.fr\/wp-content\/uploads\/2025\/05\/IMG_3036-768x576.jpg 768w, https:\/\/sainte-radegondehautegoulaine.fr\/wp-content\/uploads\/2025\/05\/IMG_3036-1536x1152.jpg 1536w, https:\/\/sainte-radegondehautegoulaine.fr\/wp-content\/uploads\/2025\/05\/IMG_3036-2048x1536.jpg 2048w\" sizes=\"(max-width: 268px) 100vw, 268px\" \/><\/a> <a href=\"https:\/\/sainte-radegondehautegoulaine.fr\/wp-content\/uploads\/2025\/05\/IMG_3038-scaled.jpg\"><img loading=\"lazy\" decoding=\"async\" class=\" wp-image-7434 alignleft\" src=\"https:\/\/sainte-radegondehautegoulaine.fr\/wp-content\/uploads\/2025\/05\/IMG_3038-300x225.jpg\" alt=\"\" width=\"267\" height=\"200\" srcset=\"https:\/\/sainte-radegondehautegoulaine.fr\/wp-content\/uploads\/2025\/05\/IMG_3038-300x225.jpg 300w, https:\/\/sainte-radegondehautegoulaine.fr\/wp-content\/uploads\/2025\/05\/IMG_3038-1024x768.jpg 1024w, https:\/\/sainte-radegondehautegoulaine.fr\/wp-content\/uploads\/2025\/05\/IMG_3038-768x576.jpg 768w, https:\/\/sainte-radegondehautegoulaine.fr\/wp-content\/uploads\/2025\/05\/IMG_3038-1536x1152.jpg 1536w, https:\/\/sainte-radegondehautegoulaine.fr\/wp-content\/uploads\/2025\/05\/IMG_3038-2048x1536.jpg 2048w\" sizes=\"(max-width: 267px) 100vw, 267px\" \/><\/a> <a href=\"https:\/\/sainte-radegondehautegoulaine.fr\/wp-content\/uploads\/2025\/05\/IMG_3039-scaled.jpg\"><img loading=\"lazy\" decoding=\"async\" class=\" wp-image-7435 alignleft\" src=\"https:\/\/sainte-radegondehautegoulaine.fr\/wp-content\/uploads\/2025\/05\/IMG_3039-300x225.jpg\" alt=\"\" width=\"269\" height=\"202\" srcset=\"https:\/\/sainte-radegondehautegoulaine.fr\/wp-content\/uploads\/2025\/05\/IMG_3039-300x225.jpg 300w, https:\/\/sainte-radegondehautegoulaine.fr\/wp-content\/uploads\/2025\/05\/IMG_3039-1024x768.jpg 1024w, https:\/\/sainte-radegondehautegoulaine.fr\/wp-content\/uploads\/2025\/05\/IMG_3039-768x576.jpg 768w, https:\/\/sainte-radegondehautegoulaine.fr\/wp-content\/uploads\/2025\/05\/IMG_3039-1536x1152.jpg 1536w, https:\/\/sainte-radegondehautegoulaine.fr\/wp-content\/uploads\/2025\/05\/IMG_3039-2048x1536.jpg 2048w\" sizes=\"(max-width: 269px) 100vw, 269px\" \/><\/a><a href=\"https:\/\/sainte-radegondehautegoulaine.fr\/wp-content\/uploads\/2025\/05\/IMG_3044-scaled.jpg\"><img loading=\"lazy\" decoding=\"async\" class=\" wp-image-7436 alignleft\" src=\"https:\/\/sainte-radegondehautegoulaine.fr\/wp-content\/uploads\/2025\/05\/IMG_3044-300x225.jpg\" alt=\"\" width=\"268\" height=\"201\" srcset=\"https:\/\/sainte-radegondehautegoulaine.fr\/wp-content\/uploads\/2025\/05\/IMG_3044-300x225.jpg 300w, https:\/\/sainte-radegondehautegoulaine.fr\/wp-content\/uploads\/2025\/05\/IMG_3044-1024x768.jpg 1024w, https:\/\/sainte-radegondehautegoulaine.fr\/wp-content\/uploads\/2025\/05\/IMG_3044-768x576.jpg 768w, https:\/\/sainte-radegondehautegoulaine.fr\/wp-content\/uploads\/2025\/05\/IMG_3044-1536x1152.jpg 1536w, https:\/\/sainte-radegondehautegoulaine.fr\/wp-content\/uploads\/2025\/05\/IMG_3044-2048x1536.jpg 2048w\" sizes=\"(max-width: 268px) 100vw, 268px\" \/><\/a><\/p>\n<p>&nbsp;<\/p>\n<p><a href=\"https:\/\/sainte-radegondehautegoulaine.fr\/wp-content\/uploads\/2025\/05\/IMG_3045-scaled.jpg\">&nbsp; <img loading=\"lazy\" decoding=\"async\" class=\"wp-image-7433 alignnone\" src=\"https:\/\/sainte-radegondehautegoulaine.fr\/wp-content\/uploads\/2025\/05\/IMG_3045-300x225.jpg\" alt=\"\" width=\"203\" height=\"152\" srcset=\"https:\/\/sainte-radegondehautegoulaine.fr\/wp-content\/uploads\/2025\/05\/IMG_3045-300x225.jpg 300w, https:\/\/sainte-radegondehautegoulaine.fr\/wp-content\/uploads\/2025\/05\/IMG_3045-1024x768.jpg 1024w, https:\/\/sainte-radegondehautegoulaine.fr\/wp-content\/uploads\/2025\/05\/IMG_3045-768x576.jpg 768w, https:\/\/sainte-radegondehautegoulaine.fr\/wp-content\/uploads\/2025\/05\/IMG_3045-1536x1152.jpg 1536w, https:\/\/sainte-radegondehautegoulaine.fr\/wp-content\/uploads\/2025\/05\/IMG_3045-2048x1536.jpg 2048w\" sizes=\"(max-width: 203px) 100vw, 203px\" \/><\/a><\/p>\n","protected":false},"excerpt":{"rendered":"<p>Le 1er Avril, les grands-parents de L\u00e9o et Nathan ont profit\u00e9 de leurs vacances en France pour venir nous parler du Cameroun, pays o\u00f9 ils vivent actuellement. A travers un diaporama, des anecdotes, des pr\u00e9sentations de feuillages et tissus, d&#8217;une d\u00e9gustation culinaire, les enfants se sont vite trouv\u00e9s plong\u00e9s dans ce pays du continent africain.<\/p>\n<p><a href=\"https:\/\/sainte-radegondehautegoulaine.fr\/?p=7431\" class=\"more-link themebutton\">Lire la suite<\/a><\/p>\n","protected":false},"author":2,"featured_media":7436,"comment_status":"closed","ping_status":"closed","sticky":false,"template":"","format":"standard","meta":{"ngg_post_thumbnail":0,"footnotes":""},"categories":[10,7],"tags":[],"_links":{"self":[{"href":"https:\/\/sainte-radegondehautegoulaine.fr\/index.php?rest_route=\/wp\/v2\/posts\/7431"}],"collection":[{"href":"https:\/\/sainte-radegondehautegoulaine.fr\/index.php?rest_route=\/wp\/v2\/posts"}],"about":[{"href":"https:\/\/sainte-radegondehautegoulaine.fr\/index.php?rest_route=\/wp\/v2\/types\/post"}],"author":[{"embeddable":true,"href":"https:\/\/sainte-radegondehautegoulaine.fr\/index.php?rest_route=\/wp\/v2\/users\/2"}],"replies":[{"embeddable":true,"href":"https:\/\/sainte-radegondehautegoulaine.fr\/index.php?rest_route=%2Fwp%2Fv2%2Fcomments&post=7431"}],"version-history":[{"count":2,"href":"https:\/\/sainte-radegondehautegoulaine.fr\/index.php?rest_route=\/wp\/v2\/posts\/7431\/revisions"}],"predecessor-version":[{"id":7439,"href":"https:\/\/sainte-radegondehautegoulaine.fr\/index.php?rest_route=\/wp\/v2\/posts\/7431\/revisions\/7439"}],"wp:featuredmedia":[{"embeddable":true,"href":"https:\/\/sainte-radegondehautegoulaine.fr\/index.php?rest_route=\/wp\/v2\/media\/7436"}],"wp:attachment":[{"href":"https:\/\/sainte-radegondehautegoulaine.fr\/index.php?rest_route=%2Fwp%2Fv2%2Fmedia&parent=7431"}],"wp:term":[{"taxonomy":"category","embeddable":true,"href":"https:\/\/sainte-radegondehautegoulaine.fr\/index.php?rest_route=%2Fwp%2Fv2%2Fcategories&post=7431"},{"taxonomy":"post_tag","embeddable":true,"href":"https:\/\/sainte-radegondehautegoulaine.fr\/index.php?rest_route=%2Fwp%2Fv2%2Ftags&post=7431"}],"curies":[{"name":"wp","href":"https:\/\/api.w.org\/{rel}","templated":true}]}}