{"id":8005,"date":"2025-12-01T19:20:30","date_gmt":"2025-12-01T18:20:30","guid":{"rendered":"https:\/\/sainte-radegondehautegoulaine.fr\/?p=8005"},"modified":"2025-12-01T19:20:30","modified_gmt":"2025-12-01T18:20:30","slug":"les-anniversaires-de-novembre-chez-les-ps-gs","status":"publish","type":"post","link":"https:\/\/sainte-radegondehautegoulaine.fr\/?p=8005","title":{"rendered":"Les anniversaires de novembre chez les PS\/GS"},"content":{"rendered":"<div><b data-olk-copy-source=\"MessageBody\">Moment de partage autour des anniversaires de Novembre<\/b><\/div>\n<div>Les classes de PS-GS de D\u00e9borah (rempla\u00e7ante de Claire Brossier) et de PS-MS de Marie-C\u00e9cile se sont retrouv\u00e9es pour c\u00e9l\u00e9brer les anniversaires du mois de novembre.<\/div>\n<div>Dans la matin\u00e9e, chaque classe a confectionn\u00e9 un&nbsp;<b>g\u00e2teau au potimarron<\/b>, une activit\u00e9 id\u00e9ale pour revoir le vocabulaire des ingr\u00e9dients et des ustensiles.<\/div>\n<div>En fin de journ\u00e9e, la classe de PS-MS s&#8217;est d\u00e9plac\u00e9e dans celle des PS-GS pour d\u00e9guster les g\u00e2teaux, chanter ensemble et partager quelques comptines. Un joli moment de convivialit\u00e9 qui a ravi les enfants !<\/div>\n<div><a href=\"https:\/\/sainte-radegondehautegoulaine.fr\/wp-content\/uploads\/2025\/12\/20251127_160653-scaled.jpg\"><img loading=\"lazy\" decoding=\"async\" class=\"alignleft size-medium wp-image-8006\" src=\"https:\/\/sainte-radegondehautegoulaine.fr\/wp-content\/uploads\/2025\/12\/20251127_160653-225x300.jpg\" alt=\"\" width=\"225\" height=\"300\" srcset=\"https:\/\/sainte-radegondehautegoulaine.fr\/wp-content\/uploads\/2025\/12\/20251127_160653-225x300.jpg 225w, https:\/\/sainte-radegondehautegoulaine.fr\/wp-content\/uploads\/2025\/12\/20251127_160653-768x1024.jpg 768w, https:\/\/sainte-radegondehautegoulaine.fr\/wp-content\/uploads\/2025\/12\/20251127_160653-1152x1536.jpg 1152w, https:\/\/sainte-radegondehautegoulaine.fr\/wp-content\/uploads\/2025\/12\/20251127_160653-1536x2048.jpg 1536w, https:\/\/sainte-radegondehautegoulaine.fr\/wp-content\/uploads\/2025\/12\/20251127_160653-scaled.jpg 1920w\" sizes=\"(max-width: 225px) 100vw, 225px\" \/><\/a> <a href=\"https:\/\/sainte-radegondehautegoulaine.fr\/wp-content\/uploads\/2025\/12\/20251127_160730-scaled.jpg\"><img loading=\"lazy\" decoding=\"async\" class=\"alignleft size-medium wp-image-8007\" src=\"https:\/\/sainte-radegondehautegoulaine.fr\/wp-content\/uploads\/2025\/12\/20251127_160730-300x225.jpg\" alt=\"\" width=\"300\" height=\"225\" srcset=\"https:\/\/sainte-radegondehautegoulaine.fr\/wp-content\/uploads\/2025\/12\/20251127_160730-300x225.jpg 300w, https:\/\/sainte-radegondehautegoulaine.fr\/wp-content\/uploads\/2025\/12\/20251127_160730-1024x768.jpg 1024w, https:\/\/sainte-radegondehautegoulaine.fr\/wp-content\/uploads\/2025\/12\/20251127_160730-768x576.jpg 768w, https:\/\/sainte-radegondehautegoulaine.fr\/wp-content\/uploads\/2025\/12\/20251127_160730-1536x1152.jpg 1536w, https:\/\/sainte-radegondehautegoulaine.fr\/wp-content\/uploads\/2025\/12\/20251127_160730-2048x1536.jpg 2048w\" sizes=\"(max-width: 300px) 100vw, 300px\" \/><\/a> <a href=\"https:\/\/sainte-radegondehautegoulaine.fr\/wp-content\/uploads\/2025\/12\/20251127_161256-scaled.jpg\"><img loading=\"lazy\" decoding=\"async\" class=\"alignleft size-medium wp-image-8008\" src=\"https:\/\/sainte-radegondehautegoulaine.fr\/wp-content\/uploads\/2025\/12\/20251127_161256-225x300.jpg\" alt=\"\" width=\"225\" height=\"300\" srcset=\"https:\/\/sainte-radegondehautegoulaine.fr\/wp-content\/uploads\/2025\/12\/20251127_161256-225x300.jpg 225w, https:\/\/sainte-radegondehautegoulaine.fr\/wp-content\/uploads\/2025\/12\/20251127_161256-768x1024.jpg 768w, https:\/\/sainte-radegondehautegoulaine.fr\/wp-content\/uploads\/2025\/12\/20251127_161256-1152x1536.jpg 1152w, https:\/\/sainte-radegondehautegoulaine.fr\/wp-content\/uploads\/2025\/12\/20251127_161256-1536x2048.jpg 1536w, https:\/\/sainte-radegondehautegoulaine.fr\/wp-content\/uploads\/2025\/12\/20251127_161256-scaled.jpg 1920w\" sizes=\"(max-width: 225px) 100vw, 225px\" \/><\/a><\/div>\n","protected":false},"excerpt":{"rendered":"<p>Moment de partage autour des anniversaires de Novembre Les classes de PS-GS de D\u00e9borah (rempla\u00e7ante de Claire Brossier) et de PS-MS de Marie-C\u00e9cile se sont retrouv\u00e9es pour c\u00e9l\u00e9brer les anniversaires du mois de novembre. Dans la matin\u00e9e, chaque classe a confectionn\u00e9 un&nbsp;g\u00e2teau au potimarron, une activit\u00e9 id\u00e9ale pour revoir le vocabulaire des ingr\u00e9dients et des<\/p>\n<p><a href=\"https:\/\/sainte-radegondehautegoulaine.fr\/?p=8005\" class=\"more-link themebutton\">Lire la suite<\/a><\/p>\n","protected":false},"author":2,"featured_media":0,"comment_status":"closed","ping_status":"closed","sticky":false,"template":"","format":"standard","meta":{"ngg_post_thumbnail":0,"footnotes":""},"categories":[6,17,29,1],"tags":[],"_links":{"self":[{"href":"https:\/\/sainte-radegondehautegoulaine.fr\/index.php?rest_route=\/wp\/v2\/posts\/8005"}],"collection":[{"href":"https:\/\/sainte-radegondehautegoulaine.fr\/index.php?rest_route=\/wp\/v2\/posts"}],"about":[{"href":"https:\/\/sainte-radegondehautegoulaine.fr\/index.php?rest_route=\/wp\/v2\/types\/post"}],"author":[{"embeddable":true,"href":"https:\/\/sainte-radegondehautegoulaine.fr\/index.php?rest_route=\/wp\/v2\/users\/2"}],"replies":[{"embeddable":true,"href":"https:\/\/sainte-radegondehautegoulaine.fr\/index.php?rest_route=%2Fwp%2Fv2%2Fcomments&post=8005"}],"version-history":[{"count":1,"href":"https:\/\/sainte-radegondehautegoulaine.fr\/index.php?rest_route=\/wp\/v2\/posts\/8005\/revisions"}],"predecessor-version":[{"id":8009,"href":"https:\/\/sainte-radegondehautegoulaine.fr\/index.php?rest_route=\/wp\/v2\/posts\/8005\/revisions\/8009"}],"wp:attachment":[{"href":"https:\/\/sainte-radegondehautegoulaine.fr\/index.php?rest_route=%2Fwp%2Fv2%2Fmedia&parent=8005"}],"wp:term":[{"taxonomy":"category","embeddable":true,"href":"https:\/\/sainte-radegondehautegoulaine.fr\/index.php?rest_route=%2Fwp%2Fv2%2Fcategories&post=8005"},{"taxonomy":"post_tag","embeddable":true,"href":"https:\/\/sainte-radegondehautegoulaine.fr\/index.php?rest_route=%2Fwp%2Fv2%2Ftags&post=8005"}],"curies":[{"name":"wp","href":"https:\/\/api.w.org\/{rel}","templated":true}]}}