{"id":8101,"date":"2026-01-26T00:00:42","date_gmt":"2026-01-25T23:00:42","guid":{"rendered":"https:\/\/sainte-radegondehautegoulaine.fr\/?p=8101"},"modified":"2026-02-03T13:51:00","modified_gmt":"2026-02-03T12:51:00","slug":"les-mascottes-repartent-chez-les-ps-gs","status":"publish","type":"post","link":"https:\/\/sainte-radegondehautegoulaine.fr\/?p=8101","title":{"rendered":"Les mascottes repartent chez les PS\/GS"},"content":{"rendered":"<p>Dans la classe de Petite Section et Grande Section de Claire, Barbapapa s&#8217;\u00e9tait d\u00e9j\u00e0 promen\u00e9 dans les familles en d\u00e9but d&#8217;ann\u00e9e.<\/p>\n<p>Cette fois-ci il a invit\u00e9 des amis : Anis et Moka tir\u00e9s de l&#8217;album de ce nom de l&#8217;autrice Domitille B\u00e9thume et barbamama. <a href=\"https:\/\/sainte-radegondehautegoulaine.fr\/wp-content\/uploads\/2026\/01\/Capture-decran-du-2026-01-25-23-54-40.png\"><img loading=\"lazy\" decoding=\"async\" class=\"alignnone size-medium wp-image-8102\" src=\"https:\/\/sainte-radegondehautegoulaine.fr\/wp-content\/uploads\/2026\/01\/Capture-decran-du-2026-01-25-23-54-40-255x300.png\" alt=\"\" width=\"255\" height=\"300\" srcset=\"https:\/\/sainte-radegondehautegoulaine.fr\/wp-content\/uploads\/2026\/01\/Capture-decran-du-2026-01-25-23-54-40-255x300.png 255w, https:\/\/sainte-radegondehautegoulaine.fr\/wp-content\/uploads\/2026\/01\/Capture-decran-du-2026-01-25-23-54-40.png 506w\" sizes=\"(max-width: 255px) 100vw, 255px\" \/><\/a><a href=\"https:\/\/sainte-radegondehautegoulaine.fr\/wp-content\/uploads\/2026\/01\/Capture-decran-du-2026-01-25-23-54-53.png\"><img loading=\"lazy\" decoding=\"async\" class=\"alignnone size-medium wp-image-8103\" src=\"https:\/\/sainte-radegondehautegoulaine.fr\/wp-content\/uploads\/2026\/01\/Capture-decran-du-2026-01-25-23-54-53-242x300.png\" alt=\"\" width=\"242\" height=\"300\" srcset=\"https:\/\/sainte-radegondehautegoulaine.fr\/wp-content\/uploads\/2026\/01\/Capture-decran-du-2026-01-25-23-54-53-242x300.png 242w, https:\/\/sainte-radegondehautegoulaine.fr\/wp-content\/uploads\/2026\/01\/Capture-decran-du-2026-01-25-23-54-53.png 475w\" sizes=\"(max-width: 242px) 100vw, 242px\" \/><\/a><\/p>\n<p>Voici trois \u00e9l\u00e8ves de GS qui nous expliquent la venue de Barbapapa et ses amis gr\u00e2ce au cahier de la Mascotte.<\/p>\n<p>Le cartable emm\u00e8ne tout ce monde pour une semaine, de belles rencontres avec les familles.<\/p>\n<p><a href=\"https:\/\/sainte-radegondehautegoulaine.fr\/wp-content\/uploads\/2026\/01\/20260123_161348-scaled.jpg\"><img loading=\"lazy\" decoding=\"async\" class=\"alignnone size-medium wp-image-8104\" src=\"https:\/\/sainte-radegondehautegoulaine.fr\/wp-content\/uploads\/2026\/01\/20260123_161348-225x300.jpg\" alt=\"\" width=\"225\" height=\"300\" srcset=\"https:\/\/sainte-radegondehautegoulaine.fr\/wp-content\/uploads\/2026\/01\/20260123_161348-225x300.jpg 225w, https:\/\/sainte-radegondehautegoulaine.fr\/wp-content\/uploads\/2026\/01\/20260123_161348-768x1024.jpg 768w, https:\/\/sainte-radegondehautegoulaine.fr\/wp-content\/uploads\/2026\/01\/20260123_161348-1152x1536.jpg 1152w, https:\/\/sainte-radegondehautegoulaine.fr\/wp-content\/uploads\/2026\/01\/20260123_161348-1536x2048.jpg 1536w, https:\/\/sainte-radegondehautegoulaine.fr\/wp-content\/uploads\/2026\/01\/20260123_161348-scaled.jpg 1920w\" sizes=\"(max-width: 225px) 100vw, 225px\" \/><\/a><a href=\"https:\/\/sainte-radegondehautegoulaine.fr\/wp-content\/uploads\/2026\/01\/20260123_162131-scaled.jpg\"><img loading=\"lazy\" decoding=\"async\" class=\"alignnone size-medium wp-image-8111\" src=\"https:\/\/sainte-radegondehautegoulaine.fr\/wp-content\/uploads\/2026\/01\/20260123_162131-225x300.jpg\" alt=\"\" width=\"225\" height=\"300\" srcset=\"https:\/\/sainte-radegondehautegoulaine.fr\/wp-content\/uploads\/2026\/01\/20260123_162131-225x300.jpg 225w, https:\/\/sainte-radegondehautegoulaine.fr\/wp-content\/uploads\/2026\/01\/20260123_162131-768x1024.jpg 768w, https:\/\/sainte-radegondehautegoulaine.fr\/wp-content\/uploads\/2026\/01\/20260123_162131-1152x1536.jpg 1152w, https:\/\/sainte-radegondehautegoulaine.fr\/wp-content\/uploads\/2026\/01\/20260123_162131-1536x2048.jpg 1536w, https:\/\/sainte-radegondehautegoulaine.fr\/wp-content\/uploads\/2026\/01\/20260123_162131-scaled.jpg 1920w\" sizes=\"(max-width: 225px) 100vw, 225px\" \/><\/a><a href=\"https:\/\/sainte-radegondehautegoulaine.fr\/wp-content\/uploads\/2026\/01\/20260123_162148-scaled.jpg\"><img loading=\"lazy\" decoding=\"async\" class=\"alignnone size-medium wp-image-8112\" src=\"https:\/\/sainte-radegondehautegoulaine.fr\/wp-content\/uploads\/2026\/01\/20260123_162148-225x300.jpg\" alt=\"\" width=\"225\" height=\"300\" srcset=\"https:\/\/sainte-radegondehautegoulaine.fr\/wp-content\/uploads\/2026\/01\/20260123_162148-225x300.jpg 225w, https:\/\/sainte-radegondehautegoulaine.fr\/wp-content\/uploads\/2026\/01\/20260123_162148-768x1024.jpg 768w, https:\/\/sainte-radegondehautegoulaine.fr\/wp-content\/uploads\/2026\/01\/20260123_162148-1152x1536.jpg 1152w, https:\/\/sainte-radegondehautegoulaine.fr\/wp-content\/uploads\/2026\/01\/20260123_162148-1536x2048.jpg 1536w, https:\/\/sainte-radegondehautegoulaine.fr\/wp-content\/uploads\/2026\/01\/20260123_162148-scaled.jpg 1920w\" sizes=\"(max-width: 225px) 100vw, 225px\" \/><\/a><a href=\"https:\/\/sainte-radegondehautegoulaine.fr\/wp-content\/uploads\/2026\/01\/20260123_161946-scaled.jpg\"><img loading=\"lazy\" decoding=\"async\" class=\"alignnone size-medium wp-image-8108\" src=\"https:\/\/sainte-radegondehautegoulaine.fr\/wp-content\/uploads\/2026\/01\/20260123_161946-225x300.jpg\" alt=\"\" width=\"225\" height=\"300\" srcset=\"https:\/\/sainte-radegondehautegoulaine.fr\/wp-content\/uploads\/2026\/01\/20260123_161946-225x300.jpg 225w, https:\/\/sainte-radegondehautegoulaine.fr\/wp-content\/uploads\/2026\/01\/20260123_161946-768x1024.jpg 768w, https:\/\/sainte-radegondehautegoulaine.fr\/wp-content\/uploads\/2026\/01\/20260123_161946-1152x1536.jpg 1152w, https:\/\/sainte-radegondehautegoulaine.fr\/wp-content\/uploads\/2026\/01\/20260123_161946-1536x2048.jpg 1536w, https:\/\/sainte-radegondehautegoulaine.fr\/wp-content\/uploads\/2026\/01\/20260123_161946-scaled.jpg 1920w\" sizes=\"(max-width: 225px) 100vw, 225px\" \/><\/a><\/p>\n","protected":false},"excerpt":{"rendered":"<p>Dans la classe de Petite Section et Grande Section de Claire, Barbapapa s&#8217;\u00e9tait d\u00e9j\u00e0 promen\u00e9 dans les familles en d\u00e9but d&#8217;ann\u00e9e. Cette fois-ci il a invit\u00e9 des amis : Anis et Moka tir\u00e9s de l&#8217;album de ce nom de l&#8217;autrice Domitille B\u00e9thume et barbamama. Voici trois \u00e9l\u00e8ves de GS qui nous expliquent la venue de<\/p>\n<p><a href=\"https:\/\/sainte-radegondehautegoulaine.fr\/?p=8101\" class=\"more-link themebutton\">Lire la suite<\/a><\/p>\n","protected":false},"author":17,"featured_media":0,"comment_status":"closed","ping_status":"closed","sticky":false,"template":"","format":"standard","meta":{"ngg_post_thumbnail":0,"footnotes":""},"categories":[1],"tags":[35],"_links":{"self":[{"href":"https:\/\/sainte-radegondehautegoulaine.fr\/index.php?rest_route=\/wp\/v2\/posts\/8101"}],"collection":[{"href":"https:\/\/sainte-radegondehautegoulaine.fr\/index.php?rest_route=\/wp\/v2\/posts"}],"about":[{"href":"https:\/\/sainte-radegondehautegoulaine.fr\/index.php?rest_route=\/wp\/v2\/types\/post"}],"author":[{"embeddable":true,"href":"https:\/\/sainte-radegondehautegoulaine.fr\/index.php?rest_route=\/wp\/v2\/users\/17"}],"replies":[{"embeddable":true,"href":"https:\/\/sainte-radegondehautegoulaine.fr\/index.php?rest_route=%2Fwp%2Fv2%2Fcomments&post=8101"}],"version-history":[{"count":2,"href":"https:\/\/sainte-radegondehautegoulaine.fr\/index.php?rest_route=\/wp\/v2\/posts\/8101\/revisions"}],"predecessor-version":[{"id":8124,"href":"https:\/\/sainte-radegondehautegoulaine.fr\/index.php?rest_route=\/wp\/v2\/posts\/8101\/revisions\/8124"}],"wp:attachment":[{"href":"https:\/\/sainte-radegondehautegoulaine.fr\/index.php?rest_route=%2Fwp%2Fv2%2Fmedia&parent=8101"}],"wp:term":[{"taxonomy":"category","embeddable":true,"href":"https:\/\/sainte-radegondehautegoulaine.fr\/index.php?rest_route=%2Fwp%2Fv2%2Fcategories&post=8101"},{"taxonomy":"post_tag","embeddable":true,"href":"https:\/\/sainte-radegondehautegoulaine.fr\/index.php?rest_route=%2Fwp%2Fv2%2Ftags&post=8101"}],"curies":[{"name":"wp","href":"https:\/\/api.w.org\/{rel}","templated":true}]}}